{"id":755,"date":"2021-06-07T10:27:06","date_gmt":"2021-06-07T08:27:06","guid":{"rendered":"https:\/\/fse-national.fr\/?p=755"},"modified":"2021-06-07T10:27:08","modified_gmt":"2021-06-07T08:27:08","slug":"retour-sur-la-csn-de-mai-2021","status":"publish","type":"post","link":"https:\/\/fse-national.fr\/?p=755","title":{"rendered":"Retour sur la CSN de Mai 2021"},"content":{"rendered":"\n<p>Les 29 et 30 mai dernier, seize d\u00e9l\u00e9gations de la FSE se sont r\u00e9unies \u00e0 Harfleur pour participer \u00e0 la CSN, Coordination Syndicale Nationale.\u00a0 C\u2019est l\u2019un des nombreux cadres qui rythment la vie d\u00e9mocratique du syndicat, \u00e0 hauteur de 2 \u00e0 3 fois par an. Cette CSN marque un premier retour \u00e0 la normale pour les camarades de la FSE qui ont pu, pour la plupart, se rencontrer en pr\u00e9sentiel pour la premi\u00e8re fois depuis plus d\u2019un an et demi. Durant ces 2 jours, les militant-e-s ont pu discuter de la ligne commune \u00e0 suivre pour bien attaquer la rentr\u00e9e, le tout s\u2019appuyant sur un bilan critique pouss\u00e9 de l\u2019ann\u00e9e que nous venons de vivre et qui a le m\u00e9rite d\u2019avoir challeng\u00e9 nos pratiques. L\u2019ensemble des sections a d\u00e9but\u00e9 il y a plus d\u2019un mois, la r\u00e9daction de leur texte local, avec leurs propres bilans et perspectives locales pour le semestre \u00e0 venir, le texte propos\u00e9 et amend\u00e9 \u00e0 la CSN \u00e9tant une synth\u00e8se des textes produits par les \u00e9quipes locales. La richesse des d\u00e9bats et de la version finale du texte est donc le fruit d\u2019un travail collectif s\u2019\u00e9talant sur plus d\u2019un mois o\u00f9 les camarades ont fait preuve de rigueur dans leur participation au processus d\u00e9mocratique du syndicat.\u00a0<\/p>\n\n\n\n<p>Les enjeux de la CSN \u00e9taient \u00e9lev\u00e9s au vu de ce qui se profile pour la rentr\u00e9e et du contexte politique, \u00e9conomique et social actuel. Il \u00e9tait donc imp\u00e9ratif que les sections se dotent des moyens n\u00e9cessaires pour r\u00e9ussir leur rentr\u00e9e et r\u00e9pondre \u00e0 l\u2019urgence de re-syndicaliser les campus. L\u2019objectif est simple : am\u00e9liorer notre outil qu\u2019est le syndicat, afin de r\u00e9pondre toujours plus justement aux besoins des \u00e9tudiant-e-s et d\u2019obtenir des victoires aux c\u00f4t\u00e9s de l\u2019ensemble des acteurs du mouvement social.&nbsp;<\/p>\n\n\n\n<p>Si la CSN nous permet de ressortir avec des perspectives claires, nous \u00e9clairant sur notre mani\u00e8re d\u2019approcher le semestre qui vient, elle est aussi gage d\u2019apport de formation pratique pour l\u2019ensemble de ses participant.e.s. L\u2019exercice du d\u00e9bat, pratiqu\u00e9 comme \u00e0 la FSE, est un moyen pour les camarades de s&rsquo;approprier les enjeux, de formuler un argumentaire collectivement, de prendre la parole devant un amphith\u00e9\u00e2tre, chacun s\u2019attelant \u00e0 permettre la participation de tou.te.s et l\u2019accessibilit\u00e9 des d\u00e9bats. Ici, personne ne cherche \u00e0 \u00ab\u00a0gagner le d\u00e9bat\u00a0\u00bb, mais bien \u00e0 prendre part \u00e0 l\u2019enrichissement d\u2019un texte commun, fort-e-s de nos exp\u00e9riences pratiques et th\u00e9oriques respectives. Convaincre et se laisser convaincre sont les ma\u00eetres mots de la CSN, l\u2019ensemble des sections et de la direction nationale \u00e9tant attach\u00e9s au respect du centralisme d\u00e9mocratique et d\u2019une grande rigueur dans son application. Bien que les milieux ne soient pas les m\u00eames, tous et toutes partagent une pratique commune : un militantisme quotidien et de terrain sur laquelle reposent notre th\u00e9orisation, qui est le meilleur moyen de perfectionner notre expertise de nos milieux et de nos actions.<\/p>\n\n\n\n<p>De nombreux camarades t\u00e9moignent d\u2019une prise de conscience des enjeux importants qui justifient l\u2019existence m\u00eame de notre syndicat :&nbsp; la massification, la reconnaissance et participation \u00e0 la lutte des classes, la lutte pour la d\u00e9mocratisation et contre la lib\u00e9ralisation de l&rsquo;ESR et ses manifestations.<\/p>\n\n\n\n<p>Enfin, un temps national ne remplirait pas ses objectifs si il n\u2019offrait pas \u00e0 l\u2019ensemble des militant-e-s pr\u00e9sent-e-s une exp\u00e9rience de la camaraderie, qui fait l\u2019essence de notre syndicat. Si le respect des consignes sanitaires a limit\u00e9 la tenue de cadre plus d\u00e9contract\u00e9, l\u2019int\u00e9gration nationale des camarades est un succ\u00e8s ! Les temps off comme les temps de d\u00e9bat \u00e9tant ponctu\u00e9s de chants h\u00e9rit\u00e9s du mouvement social international, vecteur de dynamisme et de force.&nbsp;&nbsp;<\/p>\n\n\n\n<p>\u00ab\u00a0<em>Rennes pr\u00e9sente son amendement, il concerne la communication interne au syndicat, les autres sections ont ensuite quelques minutes pour se concerter par d\u00e9l\u00e9gation et se positionner. Si certains sont d\u2019accord pour son int\u00e9gration telquel comme Limoges et Marseille, d\u2019autres pensent qu\u2019il peut \u00eatre am\u00e9lior\u00e9 et prennent donc une intervention pour proposer une reformulation. C\u2019est Nancy qui se lance, suivie par un ajout de Bordeaux.\u00a0 L\u2019amendement modifi\u00e9 est adopt\u00e9, l\u2019ensemble des sections \u00e9tant convaincue de sa pertinence et c\u2019est au tour de Lille de venir \u00e0 la tribune pour pr\u00e9senter le prochain amendement.<\/em>\u00a0\u00bb (extrait de modalit\u00e9s de d\u00e9bat)<\/p>\n\n\n\n<p>En conclusion de ce temps national important, les d\u00e9l\u00e9gations ont adopt\u00e9 trois motions, la CSN s\u2019exprimant contre la r\u00e9forme de l&rsquo;Assurance ch\u00f4mage, pour une Universit\u00e9 populaire comme alternative \u00e0 l\u2019Universit\u00e9 bourgeoise actuelle, puis en solidarit\u00e9 avec le peuple et les \u00e9tudiant-e-s de Palestine face \u00e0 la colonisation. Ces trois motions sont des expressions de la CSN sur des sujets g\u00e9n\u00e9raux qui seront transmises aux syndiqu\u00e9-e-s et organisations concern\u00e9es. Apr\u00e8s une validation de la composition du Bureau national, la Secr\u00e9taire g\u00e9n\u00e9rale, Hafsa Askar, est revenue sur les enjeux politiques in\u00e9dits de cette ann\u00e9e et les priorit\u00e9s de l\u2019ann\u00e9e universitaire prochaine, rendant \u00e9galement hommage aux victimes \u00e9tudiantes de la vague de suicide que nous avons connu cette ann\u00e9e. Apr\u00e8s une minute de silence, les d\u00e9l\u00e9gu\u00e9-e-s ont cl\u00f4tur\u00e9 ce temps par de nombreux applaudissements.<\/p>\n","protected":false},"excerpt":{"rendered":"<p>Les 29 et 30 mai dernier, seize d\u00e9l\u00e9gations de la FSE se sont r\u00e9unies \u00e0 Harfleur pour participer \u00e0 la CSN, Coordination Syndicale Nationale.\u00a0 C\u2019est l\u2019un des nombreux cadres qui rythment la vie d\u00e9mocratique du syndicat, \u00e0 hauteur de 2 \u00e0 3 fois par an. Cette CSN marque un premier retour \u00e0 la normale pour&#8230;<\/p>\n","protected":false},"author":1,"featured_media":756,"comment_status":"open","ping_status":"open","sticky":false,"template":"","format":"standard","meta":{"tpgb_global_settings":"","_kad_post_transparent":"","_kad_post_title":"","_kad_post_layout":"","_kad_post_sidebar_id":"","_kad_post_content_style":"","_kad_post_vertical_padding":"","_kad_post_feature":"","_kad_post_feature_position":"","_kad_post_header":false,"_kad_post_footer":false,"_kad_post_classname":"","footnotes":""},"categories":[1],"tags":[],"class_list":["post-755","post","type-post","status-publish","format-standard","has-post-thumbnail","hentry","category-non-classe"],"tpgb_featured_images":{"full":["https:\/\/fse-national.fr\/wp-content\/uploads\/2021\/06\/Copie-de-s-1.png",1600,900,false],"tp-image-grid":["https:\/\/fse-national.fr\/wp-content\/uploads\/2021\/06\/Copie-de-s-1.png",700,394,false],"thumbnail":["https:\/\/fse-national.fr\/wp-content\/uploads\/2021\/06\/Copie-de-s-1-150x150.png",150,150,true],"medium":["https:\/\/fse-national.fr\/wp-content\/uploads\/2021\/06\/Copie-de-s-1-300x169.png",300,169,true],"medium_large":["https:\/\/fse-national.fr\/wp-content\/uploads\/2021\/06\/Copie-de-s-1-768x432.png",768,432,true],"large":["https:\/\/fse-national.fr\/wp-content\/uploads\/2021\/06\/Copie-de-s-1-1024x576.png",1024,576,true],"default":"https:\/\/fse-national.fr\/wp-content\/plugins\/the-plus-addons-for-block-editor\/assets\/images\/tpgb-placeholder.jpg"},"tpgb_post_meta_info":{"get_date":"7 juin 2021","get_modified_date":"7 juin 2021","category_list":{"category":[{"term_id":1,"name":"Non class\u00e9","slug":"non-classe","term_group":0,"term_taxonomy_id":1,"taxonomy":"category","description":"","parent":0,"count":21,"filter":"raw"}],"post_tag":false},"author_name":"FSErpz","author_url":"https:\/\/fse-national.fr\/?author=1","author_email":"centra.fse@gmail.com","author_website":"","author_description":"","author_facebook":"","author_twitter":"","author_instagram":"","author_role":["administrator"],"author_firstname":"","author_lastname":"","user_login":"FSErpz","comment_count":1,"post_likes":0,"post_views":0},"tpgb_post_category":{"category":"<a href=\"https:\/\/fse-national.fr\/?cat=1\" alt=\"Non class\u00e9\" class=\"category-non-classe\">Non class\u00e9<\/a> "},"_links":{"self":[{"href":"https:\/\/fse-national.fr\/index.php?rest_route=\/wp\/v2\/posts\/755","targetHints":{"allow":["GET"]}}],"collection":[{"href":"https:\/\/fse-national.fr\/index.php?rest_route=\/wp\/v2\/posts"}],"about":[{"href":"https:\/\/fse-national.fr\/index.php?rest_route=\/wp\/v2\/types\/post"}],"author":[{"embeddable":true,"href":"https:\/\/fse-national.fr\/index.php?rest_route=\/wp\/v2\/users\/1"}],"replies":[{"embeddable":true,"href":"https:\/\/fse-national.fr\/index.php?rest_route=%2Fwp%2Fv2%2Fcomments&post=755"}],"version-history":[{"count":1,"href":"https:\/\/fse-national.fr\/index.php?rest_route=\/wp\/v2\/posts\/755\/revisions"}],"predecessor-version":[{"id":757,"href":"https:\/\/fse-national.fr\/index.php?rest_route=\/wp\/v2\/posts\/755\/revisions\/757"}],"wp:featuredmedia":[{"embeddable":true,"href":"https:\/\/fse-national.fr\/index.php?rest_route=\/wp\/v2\/media\/756"}],"wp:attachment":[{"href":"https:\/\/fse-national.fr\/index.php?rest_route=%2Fwp%2Fv2%2Fmedia&parent=755"}],"wp:term":[{"taxonomy":"category","embeddable":true,"href":"https:\/\/fse-national.fr\/index.php?rest_route=%2Fwp%2Fv2%2Fcategories&post=755"},{"taxonomy":"post_tag","embeddable":true,"href":"https:\/\/fse-national.fr\/index.php?rest_route=%2Fwp%2Fv2%2Ftags&post=755"}],"curies":[{"name":"wp","href":"https:\/\/api.w.org\/{rel}","templated":true}]}}