{"id":643,"date":"2020-12-01T18:46:21","date_gmt":"2020-12-01T17:46:21","guid":{"rendered":"https:\/\/fse-national.fr\/?p=643"},"modified":"2022-01-26T13:56:50","modified_gmt":"2022-01-26T12:56:50","slug":"motion-contre-lislamophobie","status":"publish","type":"post","link":"https:\/\/fse-national.fr\/?p=643","title":{"rendered":"Motion : Contre l&rsquo;islamophobie"},"content":{"rendered":"\n<p><em>[Motion de la Coordination syndicale nationale (CSN) de la F\u00e9d\u00e9ration syndicale \u00e9tudiante adopt\u00e9e \u00e0 l\u2019unanimit\u00e9 des d\u00e9l\u00e9gations, le 22 novembre 2020]<\/em><\/p>\n\n\n\n<p>L\u2019horrible assassinat de Samuel Paty, professeur d\u2019histoire g\u00e9ographie qui s\u2019est fait d\u00e9capit\u00e9 le 16 octobre dernier, a suscit\u00e9 \u00e9norm\u00e9ment d\u2019\u00e9motions dans tout le pays. Cette \u00e9motion g\u00e9n\u00e9rale a ensuite fait l\u2019objet d\u2019une r\u00e9cup\u00e9ration politique islamophobe avec notamment des discours et des mesures racistes et islamophobes. L&rsquo;islamophobie d\u00e9complex\u00e9e s\u00e9vit en France depuis des ann\u00e9es, s\u2019appuyant notamment sur une banalisation g\u00e9n\u00e9rale des discours d\u2019extr\u00eame droite et sur leurs mises en avant m\u00e9diatiques, mais aussi par l\u2019instrumentalisation de la peur et de l\u2019\u00e9motion d\u00e9clench\u00e9es par les actes terroristes.<\/p>\n\n\n\n<p>Le gouvernement se cache derri\u00e8re la lutte contre le terrorisme pour ne pas assumer la responsabilit\u00e9 de son \u00e9chec et poursuivre ce qui s\u2019av\u00e8re \u00eatre en r\u00e9alit\u00e9 une lutte islamophobe. L\u2019\u00c9tat prend la cause \u00e0 bras le corps depuis octobre (et en amont) et dirige sa lutte vers un bouc-\u00e9missaire, une diversion qui n&rsquo;est pas sans cons\u00e9quences. Depuis le 16 octobre, ce sont des centaines d&rsquo;expulsions de fich\u00e9s S \u00e9tranger-e-s qui ont eu lieu, la dissolution d&rsquo;associations anti-racistes et anti-islamophobes, des interrogatoires de 11h sur des enfants de 8 \u00e0 11ans pour \u00ab apologie du terrorisme \u00bb, c&rsquo;est ici le tableau d&rsquo;un gouvernement qui cherche les mauvais coupables avec des m\u00e9thodes douteuses. Et \u00e7a, sans compter toutes les paroles islamophobes et racistes qui ont \u00e9t\u00e9 d\u00e9blat\u00e9r\u00e9es sans aucune restriction et qui ne feront jamais l&rsquo;objet de condamnation. Le gouvernement utilise les d\u00e9g\u00e2ts \u00e9motionnels caus\u00e9s par les attentats terroristes pour servir sa cause et tendre vers un \u00e9tat fasciste. Tout comme avec le projet de loi contre le \u00ab s\u00e9paratisme \u00bb annonc\u00e9 en mars dernier qui donne notamment beaucoup plus de pouvoirs aux pr\u00e9fets (surpassant les \u00e9lus locaux mairies etc), pour suspendre des associations, fermer des lieux de cultes ou encore restreindre ce qui ne serait pas en accord avec les dites \u00ab valeurs r\u00e9publicaines \u00bb, terme subjectif qui ne refl\u00e8te aucune r\u00e9alit\u00e9 pr\u00e9cise&nbsp; et qui est de plus en plus employ\u00e9 dans le milieu politique.&nbsp;<\/p>\n\n\n\n<p>Par la pr\u00e9sente motion, la F\u00e9d\u00e9ration Syndicale Etudiante tient \u00e0 apporter tout son soutien aux \u00e9tudiant-e-s musulman-e-s ainsi qu&rsquo;\u00e0 toute la communaut\u00e9 musulmane, victimes de racisme et d&rsquo;islamophobie d\u2019\u00c9tat et soutien une lutte contre l\u2019islamophobie sur les universit\u00e9s et dans la rue.<\/p>\n","protected":false},"excerpt":{"rendered":"<p>[Motion de la Coordination syndicale nationale (CSN) de la F\u00e9d\u00e9ration syndicale \u00e9tudiante adopt\u00e9e \u00e0 l\u2019unanimit\u00e9 des d\u00e9l\u00e9gations, le 22 novembre 2020] L\u2019horrible assassinat de Samuel Paty, professeur d\u2019histoire g\u00e9ographie qui s\u2019est fait d\u00e9capit\u00e9 le 16 octobre dernier, a suscit\u00e9 \u00e9norm\u00e9ment d\u2019\u00e9motions dans tout le pays. Cette \u00e9motion g\u00e9n\u00e9rale a ensuite fait l\u2019objet d\u2019une r\u00e9cup\u00e9ration politique&#8230;<\/p>\n","protected":false},"author":1,"featured_media":644,"comment_status":"open","ping_status":"open","sticky":false,"template":"","format":"standard","meta":{"tpgb_global_settings":"","_kad_post_transparent":"","_kad_post_title":"","_kad_post_layout":"","_kad_post_sidebar_id":"","_kad_post_content_style":"","_kad_post_vertical_padding":"","_kad_post_feature":"","_kad_post_feature_position":"","_kad_post_header":false,"_kad_post_footer":false,"_kad_post_classname":"","footnotes":""},"categories":[6],"tags":[],"class_list":["post-643","post","type-post","status-publish","format-standard","has-post-thumbnail","hentry","category-com-nat"],"tpgb_featured_images":{"full":["https:\/\/fse-national.fr\/wp-content\/uploads\/2020\/12\/Copie-de-Motion-de-la-coordination-syndicale-nationale-adoptee-a-lunanimite-des-delegations-le-22-novembre-2020.png",1600,900,false],"tp-image-grid":["https:\/\/fse-national.fr\/wp-content\/uploads\/2020\/12\/Copie-de-Motion-de-la-coordination-syndicale-nationale-adoptee-a-lunanimite-des-delegations-le-22-novembre-2020.png",700,394,false],"thumbnail":["https:\/\/fse-national.fr\/wp-content\/uploads\/2020\/12\/Copie-de-Motion-de-la-coordination-syndicale-nationale-adoptee-a-lunanimite-des-delegations-le-22-novembre-2020-150x150.png",150,150,true],"medium":["https:\/\/fse-national.fr\/wp-content\/uploads\/2020\/12\/Copie-de-Motion-de-la-coordination-syndicale-nationale-adoptee-a-lunanimite-des-delegations-le-22-novembre-2020-300x169.png",300,169,true],"medium_large":["https:\/\/fse-national.fr\/wp-content\/uploads\/2020\/12\/Copie-de-Motion-de-la-coordination-syndicale-nationale-adoptee-a-lunanimite-des-delegations-le-22-novembre-2020-768x432.png",768,432,true],"large":["https:\/\/fse-national.fr\/wp-content\/uploads\/2020\/12\/Copie-de-Motion-de-la-coordination-syndicale-nationale-adoptee-a-lunanimite-des-delegations-le-22-novembre-2020-1024x576.png",1024,576,true],"default":"https:\/\/fse-national.fr\/wp-content\/plugins\/the-plus-addons-for-block-editor\/assets\/images\/tpgb-placeholder.jpg"},"tpgb_post_meta_info":{"get_date":"1 d\u00e9cembre 2020","get_modified_date":"26 janvier 2022","category_list":{"category":[{"term_id":6,"name":"Communiqu\u00e9 national","slug":"com-nat","term_group":0,"term_taxonomy_id":6,"taxonomy":"category","description":"","parent":0,"count":34,"filter":"raw"}],"post_tag":false},"author_name":"FSErpz","author_url":"https:\/\/fse-national.fr\/?author=1","author_email":"centra.fse@gmail.com","author_website":"","author_description":"","author_facebook":"","author_twitter":"","author_instagram":"","author_role":["administrator"],"author_firstname":"","author_lastname":"","user_login":"FSErpz","comment_count":0,"post_likes":0,"post_views":0},"tpgb_post_category":{"category":"<a href=\"https:\/\/fse-national.fr\/?cat=6\" alt=\"Communiqu\u00e9 national\" class=\"category-com-nat\">Communiqu\u00e9 national<\/a> "},"_links":{"self":[{"href":"https:\/\/fse-national.fr\/index.php?rest_route=\/wp\/v2\/posts\/643","targetHints":{"allow":["GET"]}}],"collection":[{"href":"https:\/\/fse-national.fr\/index.php?rest_route=\/wp\/v2\/posts"}],"about":[{"href":"https:\/\/fse-national.fr\/index.php?rest_route=\/wp\/v2\/types\/post"}],"author":[{"embeddable":true,"href":"https:\/\/fse-national.fr\/index.php?rest_route=\/wp\/v2\/users\/1"}],"replies":[{"embeddable":true,"href":"https:\/\/fse-national.fr\/index.php?rest_route=%2Fwp%2Fv2%2Fcomments&post=643"}],"version-history":[{"count":2,"href":"https:\/\/fse-national.fr\/index.php?rest_route=\/wp\/v2\/posts\/643\/revisions"}],"predecessor-version":[{"id":646,"href":"https:\/\/fse-national.fr\/index.php?rest_route=\/wp\/v2\/posts\/643\/revisions\/646"}],"wp:featuredmedia":[{"embeddable":true,"href":"https:\/\/fse-national.fr\/index.php?rest_route=\/wp\/v2\/media\/644"}],"wp:attachment":[{"href":"https:\/\/fse-national.fr\/index.php?rest_route=%2Fwp%2Fv2%2Fmedia&parent=643"}],"wp:term":[{"taxonomy":"category","embeddable":true,"href":"https:\/\/fse-national.fr\/index.php?rest_route=%2Fwp%2Fv2%2Fcategories&post=643"},{"taxonomy":"post_tag","embeddable":true,"href":"https:\/\/fse-national.fr\/index.php?rest_route=%2Fwp%2Fv2%2Ftags&post=643"}],"curies":[{"name":"wp","href":"https:\/\/api.w.org\/{rel}","templated":true}]}}