{"id":576,"date":"2020-10-20T18:17:53","date_gmt":"2020-10-20T16:17:53","guid":{"rendered":"https:\/\/fse-national.fr\/?p=576"},"modified":"2020-10-20T18:54:53","modified_gmt":"2020-10-20T16:54:53","slug":"du-terrorisme-islamiste-a-la-reaction-islamophobe","status":"publish","type":"post","link":"https:\/\/fse-national.fr\/?p=576","title":{"rendered":"Du terrorisme islamiste \u00e0 la r\u00e9action islamophobe"},"content":{"rendered":"\n<p>Nous avons appris, vendredi 15 octobre 2020, choqu\u00e9-e-s, l\u2019assassinat de Samuel Paty, enseignant d&rsquo;Histoire-g\u00e9ographie dans les Yvelines. Cet \u00e9v\u00e9nement d\u00e9solant est un acte d&rsquo;horreur qui n&rsquo;a pas sa place ni en France ni ailleurs. Nous d\u00e9non\u00e7ons ce crime, nouvelle manifestation du terrorisme islamiste contre lequel il faut lutter efficacement. Nous apportons ici notre soutien aux proches et \u00e9l\u00e8ves de la victime, ainsi qu\u2019aux personnels de l&rsquo;\u00e9ducation. Nous tenons aussi \u00e0 rappeler que la radicalisation d\u00e9coule de probl\u00e8mes structurels sociaux et \u00e9conomiques et d&rsquo;une politique imp\u00e9rialiste de longue date, qui divise et rend la soci\u00e9t\u00e9 propice aux actes terroristes. Nous pensons que c&rsquo;est donc vers des changements politiques et structurels profonds que doit \u00eatre principalement dirig\u00e9e la lutte antiterroriste et non envers la communaut\u00e9 musulmane.<\/p>\n\n\n\n<p>Apr\u00e8s des ann\u00e9es de banalisation progressive des discours racistes et islamophobes, le crime de vendredi repr\u00e9sente un point d&rsquo;ancrage propice \u00e0 l&rsquo;instrumentalisation, \u00e0 la stigmatisation et \u00e0 l&rsquo;intimidation politique. Suite \u00e0 cet acte ignoble, le gouvernement et beaucoup de partis politiques n&rsquo;ont pas attendu, et ont utilis\u00e9 cet attentat terroriste afin d&rsquo;impulser ou soutenir des mesures islamophobes, racistes et fascistes au sein du pays : d\u2019apr\u00e8s le minist\u00e8re de l\u2019int\u00e9rieur, c\u2019est d\u00e9j\u00e0 231 fich\u00e9-e-s S \u00e9tranger-e-s qui vont \u00eatre expuls\u00e9-e-s dans la semaine, un coup d\u2019\u00e9clat m\u00e9diatique assum\u00e9, sans d\u00e9cision de justice ni lien avec l\u2019enqu\u00eate. Dans le m\u00eame temps, 51 associations sont propos\u00e9es \u00e0 la dissolution ce jour, dont le Collectif contre l\u2019islamophobie en France (CCIF), association antiraciste n\u2019ayant aucun lien avec les milieux terroristes ou radicaux. D\u00e8s ce week-end, des op\u00e9rations de police et perquisitions ont \u00e9t\u00e9 lanc\u00e9es, selon le ministre de l\u2019int\u00e9rieur G\u00e9rald Darmanin, sur des <em>\u00ab dizaines d\u2019individus \u00bb<\/em> qui n\u2019ont, d\u2019apr\u00e8s ses mots, pas un <em>\u00ab lien forc\u00e9ment avec l\u2019enqu\u00eate mais \u00e0 qui nous avons manifestement envie de faire passer un message \u00bb<\/em>.<\/p>\n\n\n\n<p>Avec ces mesures, dans un pays o\u00f9 l&rsquo;extr\u00eame droite prend de l&rsquo;ampleur, l&rsquo;\u00c9tat fait un choix politique dangereux en rentrant dans le jeu islamiste, qui trouve un int\u00e9r\u00eat direct dans le rejet des personnes de confession musulmane. Les d\u00e9monstrations de force de l\u2019\u00c9tat ne sont pas nouvelles et s&rsquo;inscrivent parfaitement dans un processus qui a laiss\u00e9 s\u00e9vir en France des id\u00e9aux racistes, fascistes et islamophobes montants, sous pr\u00e9texte d\u2019\u00c9tat d&rsquo;urgence. Celles-ci visent \u00e0 attiser la haine et faire diversion quant \u00e0 l&rsquo;\u00e9chec de l\u2019\u00c9tat dans sa lutte contre le terrorisme et \u00e0 sa responsabilit\u00e9. La d\u00e9marche de l\u2019Etat vise \u00e0 criminaliser la lutte contre l\u2019islamophobie en qualifiant des associations de \u201cs\u00e9paratistes\u201d et en s\u2019attaquant arbitrairement \u00e0 des individus sans aucune preuve, de quoi faire tomber l\u2019\u00c9tat de droit vers un \u00c9tat ouvertement autoritaire.<\/p>\n\n\n\n<p>Nous tenons \u00e0 affirmer notre soutien au CCIF, qui lutte quotidiennement contre les attaques racistes et islamophobes. Nous apportons \u00e9galement notre soutien \u00e0 l\u2019ensemble des victimes de terrorisme et leurs proches, ainsi qu\u2019\u00e0 la communaut\u00e9 musulmane, victime de l&rsquo;islamophobie et du racisme d&rsquo;\u00c9tat. Dans les institutions comme en dehors, dans la rue comme dans nos universit\u00e9s, le racisme et le fascisme n&rsquo;ont pas leur place ! La lutte antiterroriste est un sujet trop grave pour se contenter d\u2019effets d\u2019annonces et de coups de filets symboliques. Seul un changement de cap social et g\u00e9opolitique viendra d\u00e9finitivement \u00e0 bout de ces violences.<\/p>\n","protected":false},"excerpt":{"rendered":"<p>Nous avons appris, vendredi 15 octobre 2020, choqu\u00e9-e-s, l\u2019assassinat de Samuel Paty, enseignant d&rsquo;Histoire-g\u00e9ographie dans les Yvelines. Cet \u00e9v\u00e9nement d\u00e9solant est un acte d&rsquo;horreur qui n&rsquo;a pas sa place ni en France ni ailleurs. Nous d\u00e9non\u00e7ons ce crime, nouvelle manifestation du terrorisme islamiste contre lequel il faut lutter efficacement. Nous apportons ici notre soutien aux&#8230;<\/p>\n","protected":false},"author":1,"featured_media":577,"comment_status":"open","ping_status":"open","sticky":false,"template":"","format":"standard","meta":{"tpgb_global_settings":"","_kad_post_transparent":"","_kad_post_title":"","_kad_post_layout":"","_kad_post_sidebar_id":"","_kad_post_content_style":"","_kad_post_vertical_padding":"","_kad_post_feature":"","_kad_post_feature_position":"","_kad_post_header":false,"_kad_post_footer":false,"_kad_post_classname":"","footnotes":""},"categories":[1],"tags":[],"class_list":["post-576","post","type-post","status-publish","format-standard","has-post-thumbnail","hentry","category-non-classe"],"tpgb_featured_images":{"full":["https:\/\/fse-national.fr\/wp-content\/uploads\/2020\/10\/Sans-titre-2.png",1600,900,false],"tp-image-grid":["https:\/\/fse-national.fr\/wp-content\/uploads\/2020\/10\/Sans-titre-2.png",700,394,false],"thumbnail":["https:\/\/fse-national.fr\/wp-content\/uploads\/2020\/10\/Sans-titre-2-150x150.png",150,150,true],"medium":["https:\/\/fse-national.fr\/wp-content\/uploads\/2020\/10\/Sans-titre-2-300x169.png",300,169,true],"medium_large":["https:\/\/fse-national.fr\/wp-content\/uploads\/2020\/10\/Sans-titre-2-768x432.png",768,432,true],"large":["https:\/\/fse-national.fr\/wp-content\/uploads\/2020\/10\/Sans-titre-2-1024x576.png",1024,576,true],"default":"https:\/\/fse-national.fr\/wp-content\/plugins\/the-plus-addons-for-block-editor\/assets\/images\/tpgb-placeholder.jpg"},"tpgb_post_meta_info":{"get_date":"20 octobre 2020","get_modified_date":"20 octobre 2020","category_list":{"category":[{"term_id":1,"name":"Non class\u00e9","slug":"non-classe","term_group":0,"term_taxonomy_id":1,"taxonomy":"category","description":"","parent":0,"count":21,"filter":"raw"}],"post_tag":false},"author_name":"FSErpz","author_url":"https:\/\/fse-national.fr\/?author=1","author_email":"centra.fse@gmail.com","author_website":"","author_description":"","author_facebook":"","author_twitter":"","author_instagram":"","author_role":["administrator"],"author_firstname":"","author_lastname":"","user_login":"FSErpz","comment_count":0,"post_likes":0,"post_views":0},"tpgb_post_category":{"category":"<a href=\"https:\/\/fse-national.fr\/?cat=1\" alt=\"Non class\u00e9\" class=\"category-non-classe\">Non class\u00e9<\/a> "},"_links":{"self":[{"href":"https:\/\/fse-national.fr\/index.php?rest_route=\/wp\/v2\/posts\/576","targetHints":{"allow":["GET"]}}],"collection":[{"href":"https:\/\/fse-national.fr\/index.php?rest_route=\/wp\/v2\/posts"}],"about":[{"href":"https:\/\/fse-national.fr\/index.php?rest_route=\/wp\/v2\/types\/post"}],"author":[{"embeddable":true,"href":"https:\/\/fse-national.fr\/index.php?rest_route=\/wp\/v2\/users\/1"}],"replies":[{"embeddable":true,"href":"https:\/\/fse-national.fr\/index.php?rest_route=%2Fwp%2Fv2%2Fcomments&post=576"}],"version-history":[{"count":2,"href":"https:\/\/fse-national.fr\/index.php?rest_route=\/wp\/v2\/posts\/576\/revisions"}],"predecessor-version":[{"id":579,"href":"https:\/\/fse-national.fr\/index.php?rest_route=\/wp\/v2\/posts\/576\/revisions\/579"}],"wp:featuredmedia":[{"embeddable":true,"href":"https:\/\/fse-national.fr\/index.php?rest_route=\/wp\/v2\/media\/577"}],"wp:attachment":[{"href":"https:\/\/fse-national.fr\/index.php?rest_route=%2Fwp%2Fv2%2Fmedia&parent=576"}],"wp:term":[{"taxonomy":"category","embeddable":true,"href":"https:\/\/fse-national.fr\/index.php?rest_route=%2Fwp%2Fv2%2Fcategories&post=576"},{"taxonomy":"post_tag","embeddable":true,"href":"https:\/\/fse-national.fr\/index.php?rest_route=%2Fwp%2Fv2%2Ftags&post=576"}],"curies":[{"name":"wp","href":"https:\/\/api.w.org\/{rel}","templated":true}]}}