{"id":2150,"date":"2026-04-18T18:06:57","date_gmt":"2026-04-18T16:06:57","guid":{"rendered":"https:\/\/fse-national.fr\/?p=2150"},"modified":"2026-04-18T18:06:57","modified_gmt":"2026-04-18T16:06:57","slug":"2016-a-2026-ce-que-le-cpe-nous-apprends-sur-la-place-des-mobilisations-etudiantes-dans-la-lutte-des-classes-partie-2","status":"publish","type":"post","link":"https:\/\/fse-national.fr\/?p=2150","title":{"rendered":"2016 \u00c0 2026 : CE QUE LE CPE NOUS APPRENDS SUR LA PLACE DES MOBILISATIONS \u00c9TUDIANTES DANS LA LUTTE DES CLASSES\u00a0&#8211; PARTIE 2"},"content":{"rendered":"\n<p>Vingt ans apr\u00e8s, la mobilisation de 2006 contre le Contrat Premi\u00e8re Embauche (CPE)&nbsp; demeure une r\u00e9f\u00e9rence pour toutes celles et ceux qui veulent comprendre comment lutter et gagner. Elle n\u2019a pas seulement \u00e9t\u00e9 un mouvement \u00e9tudiant massif, elle a \u00e9t\u00e9 une d\u00e9monstration de force de notre camp tout entier. En liant les \u00e9tudiants aux travailleurs, en assumant un rapport de force offensif et en construisant une mobilisation nationale combative, elle a arrach\u00e9 une victoire compl\u00e8te avec le retrait du CPE. Vingt ans plus tard, alors que les attaques contre l\u2019enseignement sup\u00e9rieur et contre l\u2019ensemble des travailleur.euse.s se multiplient, il est important de revenir sur les mobilisations entre 2016 et 2026 pour comprendre leurs enseignements, et savoir in fine comment oser lutter pour vaincre.&nbsp;<\/p>\n\n\n\n<p class=\"has-medium-font-size\"><strong>Parcoursup : une jeunesse qui refuse la s\u00e9lection\u00a0<\/strong><\/p>\n\n\n\n<p>La mise en place de Parcoursup marque une nouvelle \u00e9tape dans les attaques contre l\u2019acc\u00e8s \u00e0 l\u2019universit\u00e9. Face \u00e0 la mise en place de la s\u00e9lection \u00e0 l\u2019universit\u00e9 et \u00e0 la g\u00e9n\u00e9ralisation de la mise en concurrence, de nombreux \u00e9tudiants se sont mobilis\u00e9s, ont bloqu\u00e9 leurs facs, ont tenu des assembl\u00e9es g\u00e9n\u00e9rales massives et ont contribu\u00e9 \u00e0 politiser toute une g\u00e9n\u00e9ration. Ce mouvement a montr\u00e9 une capacit\u00e9 d\u2019organisation, une d\u00e9termination forte et un rejet des logiques de tri social impos\u00e9es par le gouvernement, \u00e9galement \u00e0 travers la loi ORE qui impose la s\u00e9lection en licence et en master . M\u00eame s\u2019il n\u2019a pas abouti au retrait de la r\u00e9forme, il a pos\u00e9 des bases pour les luttes \u00e0 venir et permis \u00e0 des milliers d\u2019\u00e9tudiants de faire l\u2019exp\u00e9rience concr\u00e8te de la mobilisation et du rapport de force. Cette mobilisation marque aussi un tournant : elle est l\u2019un des premiers grands mouvements \u00e9tudiants apr\u00e8s la perte en vitesse de l\u2019UNEF. L\u2019absence de syndicats capables de structurer la mobilisation \u00e0 l\u2019\u00e9chelle nationale, de lui donner une direction claire et de construire un rapport de force a pes\u00e9 lourd. C\u2019est ici que le lien avec le CPE est essentiel. En 2006, l\u2019existence d\u2019organisations capables de coordonner le mouvement et de construire une strat\u00e9gie nationale avait \u00e9t\u00e9 d\u00e9cisive dans la victoire. \u00c0 l\u2019inverse, dans la mobilisation contre Parcoursup, ce manque d\u2019organisation a constitu\u00e9 un frein important. Pourtant, cette mobilisation r\u00e9v\u00e8le un potentiel immense : celui d\u2019un mouvement \u00e9tudiant capable de s\u2019\u00e9largir. Si ce cap n\u2019a pas \u00e9t\u00e9 franchi, c\u2019est pr\u00e9cis\u00e9ment parce que les liens avec le monde du travail sont rest\u00e9s trop faibles. C\u2019est en construisant cette alliance, en ancrant les mobilisations \u00e9tudiantes dans une dynamique plus large aux c\u00f4t\u00e9s des travailleurs et de l\u2019ensemble de notre camp, que de tels mouvements peuvent gagner en rapport de force et imposer des victoires.<\/p>\n\n\n\n<p class=\"has-medium-font-size\"><strong>Les Gilets Jaunes : une lutte globale contre la bourgeoisie<\/strong><\/p>\n\n\n\n<p>Le mouvement des Gilets Jaunes a marqu\u00e9 un basculement important, car ce mouvement remettait en cause le pouvoir politique bourgeois. Pendant des mois, des travailleurs pr\u00e9caires, des ch\u00f4meurs, des retrait\u00e9s ont occup\u00e9 les ronds-points, d\u00e9fi\u00e9 le pouvoir et tenu t\u00eate \u00e0 la r\u00e9pression. Pourtant, dans cette mobilisation, les \u00e9tudiants ont globalement \u00e9t\u00e9 en retrait. Cette absence relative n\u2019est pas anodine : elle r\u00e9v\u00e8le une difficult\u00e9 persistante \u00e0 se penser comme partie int\u00e9grante de la m\u00eame classe que celles et ceux qui luttent pour vivre dignement et qui veulent renverser l\u2019\u00e9tat bourgeois. Et pourtant, tout dans ce mouvement appelait \u00e0 la convergence. Les questions de pouvoir d\u2019achat, de dignit\u00e9, de m\u00e9pris de classe et de violences d\u2019\u00c9tat sont aussi celles que vivent les \u00e9tudiant.e.s, notamment les plus pr\u00e9caires. Ce mouvement aurait pu \u00eatre celui d\u2019un basculement, d\u2019une alliance forte entre jeunesse et monde du travail. S\u2019il ne l\u2019a pas \u00e9t\u00e9 pleinement, il nous laisse une le\u00e7on claire : lorsque notre classe se soul\u00e8ve, nous devons \u00eatre au rendez-vous, nous unir et avoir le m\u00eame but : vaincre !&nbsp;<\/p>\n\n\n\n<p class=\"has-medium-font-size\"><strong>La r\u00e9forme des retraites : vers une convergence des luttes<\/strong><\/p>\n\n\n\n<p>C\u2019est pr\u00e9cis\u00e9ment ce qui a commenc\u00e9 \u00e0 \u00e9merger lors du mouvement contre la r\u00e9forme des retraites en 2023. Cette fois, les \u00e9tudiants ont \u00e9t\u00e9 plus nombreux \u00e0 rejoindre les cort\u00e8ges, \u00e0 bloquer leurs universit\u00e9s et \u00e0 agir aux c\u00f4t\u00e9s des travailleurs en allant sur les piquets de gr\u00e8ve, les aidant \u00e0 bloquer les usines\u2026 Cette convergence a redonn\u00e9 une force consid\u00e9rable au mouvement. Elle a montr\u00e9 concr\u00e8tement que lorsque les \u00e9tudiants et les travailleurs avancent ensemble, le pouvoir tremble. Si la r\u00e9forme a finalement \u00e9t\u00e9 impos\u00e9e, notamment par le recours autoritaire aux institutions en la faisant passer en force via l\u2019utilisation du 49.3, le mouvement a marqu\u00e9 toute une g\u00e9n\u00e9ration et a renforc\u00e9 la conscience que nous faisons face \u00e0 un m\u00eame adversaire et que nos int\u00e9r\u00eats sont communs. Il a aussi r\u00e9v\u00e9l\u00e9 les limites des strat\u00e9gies trop prudentes, incapables de transformer une mobilisation massive en un blocage r\u00e9el de l\u2019\u00e9conomie. Un exemple de ces limites a \u00e9t\u00e9 la recherche d\u2019une unit\u00e9 \u00e0 tout prix. Si l\u2019unit\u00e9 est importante, elle ne peut pas se faire au prix de la combativit\u00e9. Cette strat\u00e9gie a souvent conduit \u00e0 freiner la mobilisation et \u00e0 emp\u00eacher l\u2019escalade n\u00e9cessaire pour construire un v\u00e9ritable rapport de force. Ce qui a manqu\u00e9 c\u2019est un syndicat fort, capable d\u2019assumer une ligne offensive, sans se compromettre pour maintenir une unit\u00e9 de fa\u00e7ade. Sans une telle direction, la combativit\u00e9 de la base s\u2019est trouv\u00e9e limit\u00e9e. Mais loin de d\u00e9courager, ce constat doit nous armer. Il montre que la cl\u00e9 n\u2019est pas de se mobiliser moins, mais de se mobiliser plus fort, plus longtemps, et avec une strat\u00e9gie claire de confrontation, en ayant pas peur d\u2019utiliser tous les outils de luttes de notre classe que sont les blocages \u00e9conomiques et les occupations\u2026<\/p>\n\n\n\n<p class=\"has-medium-font-size\"><strong>Budget 2025 : l\u2019aust\u00e9rit\u00e9 au service de l&rsquo;\u00e9conomie de guerre<\/strong><\/p>\n\n\n\n<p>Les attaques budg\u00e9taires de 2025 s\u2019inscrivent dans cette continuit\u00e9. Les coupes dans l\u2019enseignement sup\u00e9rieur, la d\u00e9gradation des conditions d\u2019\u00e9tude, la pr\u00e9carisation accrue de la jeunesse, la s\u00e9lection qui s\u2019accentue font partie d\u2019une offensive globale contre l\u2019ensemble des services publics et contre notre classe. Ce qui est en jeu d\u00e9passe largement les universit\u00e9s. C\u2019est un choix de soci\u00e9t\u00e9 qui est impos\u00e9, o\u00f9 tout est soumis \u00e0 la logique du profit, y compris notre formation, notre avenir et nos conditions de vie. Ces politiques s\u2019inscrivent aussi dans un contexte d\u2019\u00e9conomie de guerre et de renforcement des logiques imp\u00e9rialistes. Les milliards qui manquent pour les universit\u00e9s, les h\u00f4pitaux ou les aides sociales sont redirig\u00e9s vers les d\u00e9penses militaires et la d\u00e9fense des int\u00e9r\u00eats \u00e9conomiques de la bourgeoisie \u00e0 l\u2019\u00e9chelle internationale. Ce sont toujours les m\u00eames priorit\u00e9s qui s\u2019imposent : financer la guerre plut\u00f4t que l\u2019\u00e9ducation, soutenir les profits plut\u00f4t que les besoins sociaux. Face \u00e0 cela, les mobilisations qui \u00e9mergent montrent une chose essentielle : la col\u00e8re est bien l\u00e0, la volont\u00e9 de lutter aussi. Ce qu\u2019il reste \u00e0 construire, c\u2019est leur unification, leur coordination et leur capacit\u00e9 \u00e0 peser, \u00e0 la hauteur des attaques que nous subissons et pour cela nous devons nous coordonner nationalement.&nbsp;<\/p>\n\n\n\n<p class=\"has-medium-font-size\"><strong>De la col\u00e8re \u00e0 la victoire : amplifions la lutte des classes\u00a0<\/strong><\/p>\n\n\n\n<p>C\u2019est ici que l\u2019h\u00e9ritage du CPE prend tout son sens. Ce que cette victoire nous enseigne, ce n\u2019est pas simplement qu\u2019il est possible de gagner, c\u2019est comment gagner. Elle nous rappelle que les \u00e9tudiants, seuls, ne constituent pas une force suffisante pour faire reculer le pouvoir, mais qu\u2019ils doivent \u00eatre une composante d\u2019un mouvement plus large. Les \u00e9tudiants ne sont pas une classe en soi. En ce sens, ils doivent se mettre au service de notre classe concr\u00e8tement en participant aux luttes, en les renfor\u00e7ant et en contribuant \u00e0 leur organisation. Assumer cela, c\u2019est refuser l\u2019entre-soi \u00e9tudiant et les mobilisations isol\u00e9es pour s\u2019inscrire pleinement dans la lutte des classes. C\u2019est aller vers les travailleurs, construire des actions communes, soutenir les gr\u00e8ves, participer aux blocages et faire grandir les luttes, car aucune avanc\u00e9e n\u2019a jamais \u00e9t\u00e9 obtenue sans rapport de force. Le CPE l\u2019a montr\u00e9 : quand la jeunesse et les travailleur.euse.s se battent ensemble et bloquent le pays, ils gagnent !<\/p>\n\n\n\n<p>Aujourd\u2019hui, la lutte des classes ne recule pas, elle avance. Les attaques se multiplient, mais les r\u00e9sistances aussi. Les mobilisations r\u00e9centes, des Gilets jaunes aux retraites en passant par les luttes \u00e9tudiantes sont des \u00e9tapes. Elles permettent d\u2019accumuler de l\u2019exp\u00e9rience, de renforcer les liens et de pr\u00e9parer les prochaines offensives de notre camp. La mobilisation septembriste en est une illustration concr\u00e8te : des centaines de milliers de personnes sont descendues dans les rues partout en France. Cette journ\u00e9e montre que la combativit\u00e9 est&nbsp; l\u00e0, que notre camp se mobilise largement et que la dynamique de lutte continue de se construire. Ces luttes que nous menons font trembler le gouvernement qui tente de r\u00e9primer les mouvements, mais cela ne fait qu\u2019accentuer notre col\u00e8re et notre d\u00e9termination qui ne fl\u00e9chira pas avant d\u2019avoir gagn\u00e9.&nbsp;<\/p>\n\n\n\n<p>Actuellement, nous devons lutter contre toutes les attaques men\u00e9es sur nos campus, mais \u00e9galement s\u2019inscrire dans la lutte des classes en luttant contre l\u2019imp\u00e9rialisme. En effet, la bourgeoisie met en place une \u00e9conomie de guerre et nous devons lutter contre. Pour cela, nous devons lutter ensemble \u00e9tudiants et travailleurs pour bloquer les usines d\u2019armements, bloquer les ports ou il y a des envois d\u2019armes, et construire un rapport de force important contre notre propre imp\u00e9rialisme. Ce syst\u00e8me est en crise, alors luttons ensemble pour vaincre !&nbsp;<\/p>\n\n\n\n<p>Cette t\u00e2che nous revient, alors saisissons-nous en et luttons jusqu\u2019\u00e0 la victoire !&nbsp;<\/p>\n","protected":false},"excerpt":{"rendered":"<p>Vingt ans apr\u00e8s, la mobilisation de 2006 contre le Contrat Premi\u00e8re Embauche (CPE)&nbsp; demeure une r\u00e9f\u00e9rence pour toutes celles et ceux qui veulent comprendre comment lutter et gagner. Elle n\u2019a pas seulement \u00e9t\u00e9 un mouvement \u00e9tudiant massif, elle a \u00e9t\u00e9 une d\u00e9monstration de force de notre camp tout entier. En liant les \u00e9tudiants aux travailleurs,&#8230;<\/p>\n","protected":false},"author":1,"featured_media":2151,"comment_status":"open","ping_status":"open","sticky":false,"template":"","format":"standard","meta":{"tpgb_global_settings":"","_kad_post_transparent":"","_kad_post_title":"","_kad_post_layout":"","_kad_post_sidebar_id":"","_kad_post_content_style":"","_kad_post_vertical_padding":"","_kad_post_feature":"","_kad_post_feature_position":"","_kad_post_header":false,"_kad_post_footer":false,"_kad_post_classname":"","footnotes":""},"categories":[1],"tags":[],"class_list":["post-2150","post","type-post","status-publish","format-standard","has-post-thumbnail","hentry","category-non-classe"],"tpgb_featured_images":{"full":["https:\/\/fse-national.fr\/wp-content\/uploads\/2026\/04\/Post-article-CPE-1600-x-900-px-1.png",1600,900,false],"tp-image-grid":["https:\/\/fse-national.fr\/wp-content\/uploads\/2026\/04\/Post-article-CPE-1600-x-900-px-1-700x700.png",700,700,true],"thumbnail":["https:\/\/fse-national.fr\/wp-content\/uploads\/2026\/04\/Post-article-CPE-1600-x-900-px-1-150x150.png",150,150,true],"medium":["https:\/\/fse-national.fr\/wp-content\/uploads\/2026\/04\/Post-article-CPE-1600-x-900-px-1-300x169.png",300,169,true],"medium_large":["https:\/\/fse-national.fr\/wp-content\/uploads\/2026\/04\/Post-article-CPE-1600-x-900-px-1-768x432.png",768,432,true],"large":["https:\/\/fse-national.fr\/wp-content\/uploads\/2026\/04\/Post-article-CPE-1600-x-900-px-1-1024x576.png",1024,576,true],"default":"https:\/\/fse-national.fr\/wp-content\/plugins\/the-plus-addons-for-block-editor\/assets\/images\/tpgb-placeholder.jpg"},"tpgb_post_meta_info":{"get_date":"18 avril 2026","get_modified_date":"18 avril 2026","category_list":{"category":[{"term_id":1,"name":"Non class\u00e9","slug":"non-classe","term_group":0,"term_taxonomy_id":1,"taxonomy":"category","description":"","parent":0,"count":21,"filter":"raw"}],"post_tag":false},"author_name":"FSErpz","author_url":"https:\/\/fse-national.fr\/?author=1","author_email":"centra.fse@gmail.com","author_website":"","author_description":"","author_facebook":"","author_twitter":"","author_instagram":"","author_role":["administrator"],"author_firstname":"","author_lastname":"","user_login":"FSErpz","comment_count":0,"post_likes":0,"post_views":0},"tpgb_post_category":{"category":"<a href=\"https:\/\/fse-national.fr\/?cat=1\" alt=\"Non class\u00e9\" class=\"category-non-classe\">Non class\u00e9<\/a> "},"_links":{"self":[{"href":"https:\/\/fse-national.fr\/index.php?rest_route=\/wp\/v2\/posts\/2150","targetHints":{"allow":["GET"]}}],"collection":[{"href":"https:\/\/fse-national.fr\/index.php?rest_route=\/wp\/v2\/posts"}],"about":[{"href":"https:\/\/fse-national.fr\/index.php?rest_route=\/wp\/v2\/types\/post"}],"author":[{"embeddable":true,"href":"https:\/\/fse-national.fr\/index.php?rest_route=\/wp\/v2\/users\/1"}],"replies":[{"embeddable":true,"href":"https:\/\/fse-national.fr\/index.php?rest_route=%2Fwp%2Fv2%2Fcomments&post=2150"}],"version-history":[{"count":1,"href":"https:\/\/fse-national.fr\/index.php?rest_route=\/wp\/v2\/posts\/2150\/revisions"}],"predecessor-version":[{"id":2152,"href":"https:\/\/fse-national.fr\/index.php?rest_route=\/wp\/v2\/posts\/2150\/revisions\/2152"}],"wp:featuredmedia":[{"embeddable":true,"href":"https:\/\/fse-national.fr\/index.php?rest_route=\/wp\/v2\/media\/2151"}],"wp:attachment":[{"href":"https:\/\/fse-national.fr\/index.php?rest_route=%2Fwp%2Fv2%2Fmedia&parent=2150"}],"wp:term":[{"taxonomy":"category","embeddable":true,"href":"https:\/\/fse-national.fr\/index.php?rest_route=%2Fwp%2Fv2%2Fcategories&post=2150"},{"taxonomy":"post_tag","embeddable":true,"href":"https:\/\/fse-national.fr\/index.php?rest_route=%2Fwp%2Fv2%2Ftags&post=2150"}],"curies":[{"name":"wp","href":"https:\/\/api.w.org\/{rel}","templated":true}]}}