{"id":2131,"date":"2026-04-10T22:05:11","date_gmt":"2026-04-10T20:05:11","guid":{"rendered":"https:\/\/fse-national.fr\/?p=2131"},"modified":"2026-04-10T22:05:11","modified_gmt":"2026-04-10T20:05:11","slug":"20-ans-du-contrat-premiere-embauche-seule-la-lutte-nous-permet-de-vaincre","status":"publish","type":"post","link":"https:\/\/fse-national.fr\/?p=2131","title":{"rendered":"20 ans du Contrat Premi\u00e8re Embauche : seule la lutte nous permet de vaincre !"},"content":{"rendered":"\n<p>La pr\u00e9carisation de la jeunesse est depuis longtemps au c\u0153ur des politiques de l\u2019Etat. Elle est vue comme une partie de la population mall\u00e9able, qui doit se plier en premier aux situations \u00e9conomiques : ch\u00f4mage, faible revenus, conditions d\u2019emplois et de stage, etc. Et c\u2019est l\u00e0 que Dominique de Villepin, alors premier ministre de Jacques Chirac, entame ses attaques pour l\u2019emploi des jeunes avec la proposition de loi \u00ab sur l&rsquo;\u00c9galit\u00e9 des chances \u00bb qui comprend le Contrat Premi\u00e8re Embauche (CPE), annonc\u00e9 en janvier 2006.<br><br>Le CPE c\u2019est la mise en place d\u2019une p\u00e9riode de \u00ab consolidation \u00bb de 2 ans pour les moins de 26 ans, qui permet donc aux patrons de rompre les contrats \u00e0 tout moment et sans justification. Le CPE s\u2019inscrit dans la loi sur l&rsquo;\u00c9galit\u00e9 des Chances. Cette loi, revient sur l\u2019emploi de la jeunesse en permettant l\u2019apprentissage d\u00e8s 14 ans, le travail de nuit d\u00e8s 15 ans et un \u00ab service civil volontaire \u00bb, qui ne sera mis en place qu\u2019en 2010 sous le nom de \u00ab service civique \u00bb. Les jeunes doivent travailler d\u00e8s le plus jeune \u00e2ge et quelles qu&rsquo;en soient les conditions, en clair : la jeunesse est la chaire \u00e0 canon du patronat.&nbsp;<\/p>\n\n\n\n<p>D\u00e8s son annonce, la jeunesse se mobilise, et notamment les \u00e9tudiants et les lyc\u00e9ens. En effet, cette loi ne promet qu\u2019une pr\u00e9carisation encore plus forte de la jeunesse, qui ne pourra plus trouver de logement, plus faire de cr\u00e9dit mais surtout une jeunesse qui sera au service de son patron, qui pourra la licencier sans justification \u00e0 la moindre gr\u00e8ve ou mobilisation. En bref, faire de la jeunesse une population soumise aux volont\u00e9s de la bourgeoisie ! Des assembl\u00e9es g\u00e9n\u00e9rales sont organis\u00e9es dans plusieurs facs que les \u00e9tudiants rejoignent rapidement, comprenant l\u2019ampleur de cette mesure. Le passage de la loi par 49-3 le 9 f\u00e9vrier 2006 ne stoppe pas les \u00e9tudiants : au contraire, ils le savent, ils vont obtenir le retrait du CPE, et ne s\u2019arr\u00eateront pas avant !<\/p>\n\n\n\n<p>La mobilisation est compos\u00e9e d\u2019une grande partie des professions, des secteurs public comme priv\u00e9 et m\u00eame des retrait\u00e9s. Pendant les pics de gr\u00e8ves, ce sont des \u00e9coles compl\u00e8tes qui sont ferm\u00e9es et 3 millions de manifestants dans les rues. Ainsi, les syndicats professionnels rejoignent eux aussi ce mouvement. Comme chaque mesure anti-sociale, c\u2019est l\u2019ensemble de la population qui est vis\u00e9e, par des mesures qui, \u00e0 terme, atteindront les droits de tous. Travailleurs et \u00e9tudiants se sont rejoints dans une mobilisation commune contre une attaque cibl\u00e9e contre la jeunesse. Au-del\u00e0 d\u2019une mobilisation \u00e9tudiante, c\u2019est une lutte pour les int\u00e9r\u00eats du prol\u00e9tariat, contre la bourgeoisie qui cherche \u00e0 attaquer chacun de nos droits. Et c\u2019est ce que les \u00e9tudiants de 2006 ont compris : ils ont refus\u00e9 de tomber dans un corporatisme \u00e9tudiant en ne voyant que leurs int\u00e9r\u00eats et se sont li\u00e9s \u00e0 l\u2019ensemble de la population qui se dressait contre cette mesure.&nbsp;<\/p>\n\n\n\n<p>La mobilisation ne s\u2019est pas content\u00e9e uniquement de manifestations et de blocages d\u2019universit\u00e9s (jusqu\u2019\u00e0 64 au pic de la mobilisation), au contraire. Durant les 3 mois de mobilisation, l\u2019\u00e9conomie du pays a \u00e9t\u00e9 touch\u00e9e directement, par des actions combatives, men\u00e9es par les \u00e9tudiants et les travailleurs. Des usines d\u2019Airbus ont \u00e9t\u00e9 bloqu\u00e9es, des voies ferr\u00e9es, des rocades, des autoroutes aussi, des Chambres de Commerces et de l\u2019Industrie (CCI) ont \u00e9t\u00e9 occup\u00e9s, pendant plusieurs heures, des op\u00e9rations p\u00e9ages gratuits ont \u00e9t\u00e9 mises en place, etc. Les \u00e9tudiants se sont mobilis\u00e9s sur les campus, avec des occupations de facs pendant plusieurs mois, et des liens entre les assembl\u00e9es g\u00e9n\u00e9rales partout en France, via la Coordination Nationale \u00c9tudiante (CNE). Des universit\u00e9s comme Caen avaient \u00e9t\u00e9 occup\u00e9es plusieurs semaines, et la Sorbonne pendant 3 jours, qui n\u2019avait pas \u00e9t\u00e9 occup\u00e9e depuis mai 68. De mani\u00e8re g\u00e9n\u00e9rale, la mobilisation contre les CPE de 2006, est la plus grosse mobilisation \u00e9tudiante qu\u2019on connaisse depuis mai 68.<\/p>\n\n\n\n<p>Au vu de la combativit\u00e9 du mouvement, la r\u00e9pression en face \u00e9tait \u00e9lev\u00e9e elle aussi : la police a barricad\u00e9 la Sorbonne plusieurs semaines, pour emp\u00eacher les blocages et les occupations, plusieurs dizaines de personnes ont \u00e9t\u00e9 en garde \u00e0 vue et quelques personnes ont eu des poursuites judiciaires. Cette r\u00e9pression n\u2019a pas affaibli la mobilisation, au contraire, elle a montr\u00e9 que la bourgeoisie tremblait, et r\u00e9affirm\u00e9 que le chemin \u00e9tait le bon. Les masses \u00e9tudiantes se sont battues jusqu\u2019au bout contre cette loi v\u00e9ritablement pr\u00e9carisante, qui visait les prol\u00e9taires. Les \u00e9tudiants et l\u2019ensemble des personnes mobilis\u00e9es ont pouss\u00e9 le gouvernement dans ses retranchements, jusqu\u2019\u00e0 lui arracher la victoire : le retrait du CPE !<\/p>\n\n\n\n<p>Le 10 avril 2006, le premier ministre Dominique de Villepin est contraint de prendre position publiquement, \u00e0 la t\u00e9l\u00e9vision, et d\u2019annoncer le retrait total de la loi sur l&rsquo;\u00c9galit\u00e9 des Chances, incluant le CPE. Le 12 avril 2006, les membres de l&rsquo;UNEF, alors syndicat largement majoritaire dans les universit\u00e9s, sont re\u00e7us \u00e0 Matignon par le directeur de cabinet de Villepin \u00ab\u00a0<em>Il nous dit : \u00ab\u00a0Vous avez gagn\u00e9 et nous avons perdu.<\/em>\u00ab\u00a0. C\u2019est une victoire immense pour les \u00e9tudiants, et dont nous sommes les h\u00e9ritiers directs.<\/p>\n\n\n\n<p>Aujourd\u2019hui, les contradictions dans le monde s\u2019intensifient, entre pays imp\u00e9rialistes et pays opprim\u00e9s, et entre bourgeoisie et prol\u00e9tariat. Les lois et attaques contre notre classe se multiplient, et en parall\u00e8le la r\u00e9action et la r\u00e9pression ne font qu\u2019augmenter. Si les universit\u00e9s et les gouvernements tentent de r\u00e9primer chaque embryon de mobilisation, c\u2019est pour une seule raison : ils ont peur non seulement des \u00e9tudiants mais surtout de la jeunesse en lutte. Alors, ils mettent tout en place pour nous emp\u00eacher de nous mobiliser, de faire grossir nos mouvements. Mais le mouvement anti-CPE de 2006 nous montre qu\u2019une seule voie est possible : nous n\u2019obtenons de v\u00e9ritables victoires qu\u2019en mobilisant largement, au-del\u00e0 de nos universit\u00e9s, et en construisant un v\u00e9ritable rapport de force. La multiplicit\u00e9 des actions men\u00e9es en 2006 le prouve : plusieurs secteurs \u00e9conomiques ont \u00e9t\u00e9 bloqu\u00e9s jusqu\u2019\u00e0 ce qu\u2019ils soient \u00e9cout\u00e9s, et jusqu\u2019au recul du gouvernement. Et nous le voyons chaque ann\u00e9e, lorsque les mobilisations portent cette combativit\u00e9, nous obtenons des victoires : occupations du CROUS pour loger des \u00e9tudiants sans papiers, envahissements de conseils pour emp\u00eacher des coupures budg\u00e9taires, etc.&nbsp;<\/p>\n\n\n\n<p>Notre r\u00f4le \u00e0 nous, dans une \u00e9poque o\u00f9 la r\u00e9pression augmente, les attaques envers notre classe aussi, est justement de porter cette combativit\u00e9. \u00c0 l&rsquo;heure o\u00f9 la bourgeoisie \u00e0 travers le MEDEF souhaite nous imposer la pr\u00e9carit\u00e9 par le SMIC Jeune plus bas que le SMIC ou la p\u00e9riode d&rsquo;essai de 3 ans, nous devons continuer le combat pour ne pas laisser passer ce CPE 2.0. Continuons de lutter en solidarit\u00e9 avec la r\u00e9sistance Palestinienne, avec les peuples en lutte contre l&rsquo;oppression et l\u2019exploitation partout dans le monde, continuons de porter la combativit\u00e9 dans nos mobilisations, pour chercher toujours plus loin les victoires : pas seulement contre des mesures r\u00e9actionnaires, mais aussi pour de meilleures conditions de vie et d\u2019\u00e9tudes. Nous sommes les h\u00e9ritiers de la mobilisation contre le CPE, nous seront la flamme qui embrasera la plaine.<\/p>\n","protected":false},"excerpt":{"rendered":"<p>La pr\u00e9carisation de la jeunesse est depuis longtemps au c\u0153ur des politiques de l\u2019Etat. Elle est vue comme une partie de la population mall\u00e9able, qui doit se plier en premier aux situations \u00e9conomiques : ch\u00f4mage, faible revenus, conditions d\u2019emplois et de stage, etc. Et c\u2019est l\u00e0 que Dominique de Villepin, alors premier ministre de Jacques&#8230;<\/p>\n","protected":false},"author":1,"featured_media":2132,"comment_status":"open","ping_status":"open","sticky":false,"template":"","format":"standard","meta":{"tpgb_global_settings":"","_kad_post_transparent":"","_kad_post_title":"","_kad_post_layout":"","_kad_post_sidebar_id":"","_kad_post_content_style":"","_kad_post_vertical_padding":"","_kad_post_feature":"","_kad_post_feature_position":"","_kad_post_header":false,"_kad_post_footer":false,"_kad_post_classname":"","footnotes":""},"categories":[11],"tags":[44,104,105],"class_list":["post-2131","post","type-post","status-publish","format-standard","has-post-thumbnail","hentry","category-syndicalisme","tag-greve","tag-lutte","tag-victoire"],"tpgb_featured_images":{"full":["https:\/\/fse-national.fr\/wp-content\/uploads\/2026\/04\/Post_article_CPE_1600_x_900_px.png",1600,900,false],"tp-image-grid":["https:\/\/fse-national.fr\/wp-content\/uploads\/2026\/04\/Post_article_CPE_1600_x_900_px-700x700.png",700,700,true],"thumbnail":["https:\/\/fse-national.fr\/wp-content\/uploads\/2026\/04\/Post_article_CPE_1600_x_900_px-150x150.png",150,150,true],"medium":["https:\/\/fse-national.fr\/wp-content\/uploads\/2026\/04\/Post_article_CPE_1600_x_900_px-300x169.png",300,169,true],"medium_large":["https:\/\/fse-national.fr\/wp-content\/uploads\/2026\/04\/Post_article_CPE_1600_x_900_px-768x432.png",768,432,true],"large":["https:\/\/fse-national.fr\/wp-content\/uploads\/2026\/04\/Post_article_CPE_1600_x_900_px-1024x576.png",1024,576,true],"default":"https:\/\/fse-national.fr\/wp-content\/plugins\/the-plus-addons-for-block-editor\/assets\/images\/tpgb-placeholder.jpg"},"tpgb_post_meta_info":{"get_date":"10 avril 2026","get_modified_date":"10 avril 2026","category_list":{"category":[{"term_id":11,"name":"Syndicalisme","slug":"syndicalisme","term_group":0,"term_taxonomy_id":11,"taxonomy":"category","description":"","parent":0,"count":8,"filter":"raw"}],"post_tag":[{"term_id":44,"name":"gr\u00e8ve","slug":"greve","term_group":0,"term_taxonomy_id":44,"taxonomy":"post_tag","description":"","parent":0,"count":3,"filter":"raw"},{"term_id":104,"name":"lutte","slug":"lutte","term_group":0,"term_taxonomy_id":104,"taxonomy":"post_tag","description":"","parent":0,"count":1,"filter":"raw"},{"term_id":105,"name":"victoire","slug":"victoire","term_group":0,"term_taxonomy_id":105,"taxonomy":"post_tag","description":"","parent":0,"count":1,"filter":"raw"}]},"author_name":"FSErpz","author_url":"https:\/\/fse-national.fr\/?author=1","author_email":"centra.fse@gmail.com","author_website":"","author_description":"","author_facebook":"","author_twitter":"","author_instagram":"","author_role":["administrator"],"author_firstname":"","author_lastname":"","user_login":"FSErpz","comment_count":0,"post_likes":0,"post_views":0},"tpgb_post_category":{"category":"<a href=\"https:\/\/fse-national.fr\/?cat=11\" alt=\"Syndicalisme\" class=\"category-syndicalisme\">Syndicalisme<\/a> ","post_tag":"<a href=\"https:\/\/fse-national.fr\/?tag=greve\" alt=\"gr\u00e8ve\" class=\"post_tag-greve\">gr\u00e8ve<\/a> <a href=\"https:\/\/fse-national.fr\/?tag=lutte\" alt=\"lutte\" class=\"post_tag-lutte\">lutte<\/a> <a href=\"https:\/\/fse-national.fr\/?tag=victoire\" alt=\"victoire\" class=\"post_tag-victoire\">victoire<\/a> "},"_links":{"self":[{"href":"https:\/\/fse-national.fr\/index.php?rest_route=\/wp\/v2\/posts\/2131","targetHints":{"allow":["GET"]}}],"collection":[{"href":"https:\/\/fse-national.fr\/index.php?rest_route=\/wp\/v2\/posts"}],"about":[{"href":"https:\/\/fse-national.fr\/index.php?rest_route=\/wp\/v2\/types\/post"}],"author":[{"embeddable":true,"href":"https:\/\/fse-national.fr\/index.php?rest_route=\/wp\/v2\/users\/1"}],"replies":[{"embeddable":true,"href":"https:\/\/fse-national.fr\/index.php?rest_route=%2Fwp%2Fv2%2Fcomments&post=2131"}],"version-history":[{"count":1,"href":"https:\/\/fse-national.fr\/index.php?rest_route=\/wp\/v2\/posts\/2131\/revisions"}],"predecessor-version":[{"id":2133,"href":"https:\/\/fse-national.fr\/index.php?rest_route=\/wp\/v2\/posts\/2131\/revisions\/2133"}],"wp:featuredmedia":[{"embeddable":true,"href":"https:\/\/fse-national.fr\/index.php?rest_route=\/wp\/v2\/media\/2132"}],"wp:attachment":[{"href":"https:\/\/fse-national.fr\/index.php?rest_route=%2Fwp%2Fv2%2Fmedia&parent=2131"}],"wp:term":[{"taxonomy":"category","embeddable":true,"href":"https:\/\/fse-national.fr\/index.php?rest_route=%2Fwp%2Fv2%2Fcategories&post=2131"},{"taxonomy":"post_tag","embeddable":true,"href":"https:\/\/fse-national.fr\/index.php?rest_route=%2Fwp%2Fv2%2Ftags&post=2131"}],"curies":[{"name":"wp","href":"https:\/\/api.w.org\/{rel}","templated":true}]}}