{"id":1882,"date":"2025-09-23T19:47:52","date_gmt":"2025-09-23T17:47:52","guid":{"rendered":"https:\/\/fse-national.fr\/?p=1882"},"modified":"2025-09-23T19:50:57","modified_gmt":"2025-09-23T17:50:57","slug":"reconnaissance-de-la-palestine-lhypocrisie-francaise-et-la-necessite-de-lutter-contre-notre-imperialisme","status":"publish","type":"post","link":"https:\/\/fse-national.fr\/?p=1882","title":{"rendered":"RECONNAISSANCE DE LA PALESTINE : L&rsquo;HYPOCRISIE FRAN\u00c7AISE ET LA N\u00c9CESSIT\u00c9 DE LUTTER CONTRE NOTRE IMP\u00c9RIALISME"},"content":{"rendered":"\n<p>Apr\u00e8s pr\u00e8s de <strong>2 ans de g\u00e9nocide <\/strong>et <strong>plus de 76 ans de colonisation<\/strong>, la France vient de reconna\u00eetre l\u2019\u00c9tat de Palestine. Cet acte ne sort pas de nul part : c&rsquo;est une preuve du <strong>rapport de force<\/strong> impos\u00e9 par la r\u00e9sistance palestinienne et soutenu par la mobilisation de solidarit\u00e9 \u00e0 celle-ci en France, et partout ailleurs.<\/p>\n\n\n\n<p>Cette reconnaissance n\u2019est pas une victoire absolue, elle est tardive et limit\u00e9e. En effet, la Palestine reconnue par la France est celle divis\u00e9e par le plan de partage de l\u2019ONU : <strong>une reconnaissance qui laisse donc intactes les structures coloniales, l\u2019occupation militaire et l\u2019apartheid territorial.<\/strong> C\u2019est une Palestine dont la force de travail, les terres et l&rsquo;\u00e9conomie sont soumises \u00e0 la bourgeoisie coloniale et imp\u00e9rialiste, et o\u00f9 le gouvernement, repr\u00e9sent\u00e9 par l\u2019Autorit\u00e9 nationale palestinienne, a abandonn\u00e9 la lutte de lib\u00e9ration nationale du pays et collabore avec l\u2019entit\u00e9 sioniste. Pourtant nous le savons,<strong> ni un cessez-le-feu vide de sens ni une solution \u00e0 deux \u00e9tats ne pourra arr\u00eater l\u2019\u00e9tat g\u00e9nocidaire et supr\u00e9maciste qu\u2019est Isra\u00ebl.<\/strong><\/p>\n\n\n\n<p>La paix et la justice en Palestine ne pourront avoir lieu qu\u2019avec la d\u00e9colonisation de toute la Palestine, <strong>de la mer au Jourdain.<\/strong> C\u2019est par ce mot d\u2019ordre que nous continuerons \u00e0 nous mobiliser pour le peuple palestinien et sa r\u00e9sistance l\u00e9gitime face \u00e0 l\u2019oppression coloniale et g\u00e9nocidaire.<\/p>\n\n\n\n<p><\/p>\n\n\n\n<p>Loin de repr\u00e9senter un renversement strat\u00e9gique, ce pas de c\u00f4t\u00e9 est une tentative pour la France de regagner la face \u00e0 l\u2019\u00e9chelle nationale et internationale, sous la pression des critiques concernant sa collaboration dans le g\u00e9nocide. Macron osait dire en octobre 2024 que la France ne livrait pas d\u2019armes \u00e0 Isra\u00ebl alors que <strong>la France continue de lui fournir des composants de \u201cd\u00e9fense\u201d et finance toujours l\u2019entreprise d\u2019armement isra\u00e9lienne Intracom Defense.<\/strong> Il ne faut pas oublier les entreprises d&rsquo;armements fran\u00e7aises, Thal\u00e8s et Safran, qui poursuivent leurs ventes aupr\u00e8s de l&rsquo;entit\u00e9 sioniste sans \u00eatre inqui\u00e9t\u00e9es par la justice. Ainsi, malgr\u00e9 la reconnaissance de l\u2019Etat palestinien, nous pouvons \u00eatre certains que<strong> les int\u00e9r\u00eats \u00e9conomiques de la France restent prioritaires.<\/strong><\/p>\n\n\n\n<p>Sur le plan int\u00e9rieur, la reconnaissance de la Palestine a pour objectif de <strong>calmer le peuple qui se mobilise depuis 2 ans contre le g\u00e9nocide et la colonisation.<\/strong> Nous l\u2019avons vu : \u00e0 travers les manifestations massives, <strong>les blocages de ports par les dockers<\/strong> pour emp\u00eacher des livraisons d\u2019armes, les campements pour la Palestine dans les universit\u00e9s, ou encore la r\u00e9cente <strong>lib\u00e9ration du prisonnier politique Georges Abdallah<\/strong> des prisons fran\u00e7aises, <strong>notre classe agit et obtient des victoires qui affaiblissent l\u2019imp\u00e9rialisme fran\u00e7ais. <\/strong>C\u2019est cette mobilisation intense qui effraie la bourgeoisie, car par notre lutte pour la Palestine nous remettons en cause l\u2019ensemble du syst\u00e8me imp\u00e9rialiste, et donc capitaliste, qui n&rsquo;a comme arme que la r\u00e9pression et la guerre.<\/p>\n\n\n\n<figure class=\"wp-block-image size-large\"><img fetchpriority=\"high\" decoding=\"async\" width=\"1024\" height=\"771\" src=\"https:\/\/fse-national.fr\/wp-content\/uploads\/2025\/09\/PHOTO-2025-09-23-18-54-53-1024x771.jpg\" alt=\"\" class=\"wp-image-1885\" srcset=\"https:\/\/fse-national.fr\/wp-content\/uploads\/2025\/09\/PHOTO-2025-09-23-18-54-53-1024x771.jpg 1024w, https:\/\/fse-national.fr\/wp-content\/uploads\/2025\/09\/PHOTO-2025-09-23-18-54-53-300x226.jpg 300w, https:\/\/fse-national.fr\/wp-content\/uploads\/2025\/09\/PHOTO-2025-09-23-18-54-53-768x578.jpg 768w, https:\/\/fse-national.fr\/wp-content\/uploads\/2025\/09\/PHOTO-2025-09-23-18-54-53-1536x1156.jpg 1536w, https:\/\/fse-national.fr\/wp-content\/uploads\/2025\/09\/PHOTO-2025-09-23-18-54-53.jpg 1600w\" sizes=\"(max-width: 1024px) 100vw, 1024px\" \/><\/figure>\n\n\n\n<p><strong>L&rsquo;hypocrisie se manifeste aussi par des actes concrets :<\/strong> gel d\u2019une partie des accueils de personnes fuyant Gaza, punition collective et raciste, r\u00e9pression renforc\u00e9e des militants pro-palestiniens, mise en place d&rsquo;une loi instrumentalisant l&rsquo;antis\u00e9mitisme afin de r\u00e9primer les discours anti-sionistes&#8230; En ce qui concerne les universit\u00e9s sp\u00e9cifiquement, le ministre et les pr\u00e9sidences d\u2019universit\u00e9 adoptent des postures de \u00ab neutralit\u00e9 \u00bb qui se traduisent, en pratique, par <strong>la r\u00e9pression des mobilisations<\/strong> (on pense notamment aux \u00e9tudiants mobilis\u00e9s \u00e0 Science Po), par <strong>l&rsquo;absence totale de moyens mis en oeuvre pour accueillir des \u00e9tudiants et chercheurs palestiniens,<\/strong> et par le <strong>maintien de partenariats acad\u00e9miques et industriels avec des acteurs complices de la violence,<\/strong> tel que Thal\u00e8s \u00e0 Rennes.<\/p>\n\n\n\n<p>Mais <strong>notre lutte peut \u00eatre et sera victorieuse : <\/strong>\u00e0 Sorbonne Universit\u00e9, nous avons d\u00e9j\u00e0 emp\u00each\u00e9 la venue de Thal\u00e8s au forum des m\u00e9tiers, et <strong>de nombreux partenariats sont r\u00e9guli\u00e8rement remis en cause <\/strong>au sein des conseils de nos universit\u00e9s.<\/p>\n\n\n\n<figure class=\"wp-block-image size-large\"><img decoding=\"async\" width=\"1024\" height=\"682\" src=\"https:\/\/fse-national.fr\/wp-content\/uploads\/2025\/09\/WhatsApp-Image-2025-09-23-at-18.53.59-1-1024x682.jpeg\" alt=\"\" class=\"wp-image-1886\" srcset=\"https:\/\/fse-national.fr\/wp-content\/uploads\/2025\/09\/WhatsApp-Image-2025-09-23-at-18.53.59-1-1024x682.jpeg 1024w, https:\/\/fse-national.fr\/wp-content\/uploads\/2025\/09\/WhatsApp-Image-2025-09-23-at-18.53.59-1-300x200.jpeg 300w, https:\/\/fse-national.fr\/wp-content\/uploads\/2025\/09\/WhatsApp-Image-2025-09-23-at-18.53.59-1-768x512.jpeg 768w, https:\/\/fse-national.fr\/wp-content\/uploads\/2025\/09\/WhatsApp-Image-2025-09-23-at-18.53.59-1-1536x1023.jpeg 1536w, https:\/\/fse-national.fr\/wp-content\/uploads\/2025\/09\/WhatsApp-Image-2025-09-23-at-18.53.59-1.jpeg 1600w\" sizes=\"(max-width: 1024px) 100vw, 1024px\" \/><\/figure>\n\n\n\n<p>Finalement, le soutien \u00e0 la Palestine ne peut pas se faire \u00e0 travers la reconnaissance d\u2019un Etat fantoche. <strong>La paix v\u00e9ritable exige la d\u00e9colonisation r\u00e9elle <\/strong>: la restitution des terres, la fin de l\u2019occupation, la libert\u00e9 de circulation, la r\u00e9paration \u00e9conomique, la d\u00e9militarisation et le droit du peuple palestinien \u00e0 l\u2019autod\u00e9termination sur l\u2019ensemble du territoire historique, de la mer au Jourdain.<\/p>\n\n\n\n<p><strong>Nous d\u00e9fendons la solidarit\u00e9 active, ancr\u00e9e dans la lutte de classes<\/strong> : la lutte n\u2019est pas abstraite, elle est mat\u00e9rielle. S\u2019attaquer aux int\u00e9r\u00eats \u00e9conomiques (contrats, financements, partenariats) qui sous-tendent la militarisation, renforcer la solidarit\u00e9 internationaliste et faire converger les combats sociaux, pour des conditions de vie d\u00e9centes et contre les coupes budg\u00e9taires, sont des voies efficaces pour fragiliser l\u2019imp\u00e9rialisme fran\u00e7ais et ses alli\u00e9s.<\/p>\n\n\n\n<p>En juillet dernier, la lutte a permis de lib\u00e9rer Georges Abdallah, jusque-l\u00e0 plus vieux prisonnier politique d\u2019Europe, alors <strong>la lutte ne peut qu\u2019\u00eatre victorieuse !<\/strong> Notre horizon reste <strong>la d\u00e9colonisation int\u00e9grale et la victoire du peuple palestinien.<\/strong> Continuons de nous mobiliser, de faire gr\u00e8ve, de bloquer, de faire rompre chaque partenariat, d\u2019accueillir les r\u00e9fugi\u00e9s, et de <strong>construire une solidarit\u00e9 anti-imp\u00e9rialiste qui n\u2019accepte aucun compromis. Ensemble, faisons trembler l\u2019Etat fran\u00e7ais <\/strong>pour que cela devienne impossible pour lui de continuer \u00e0 soutenir l\u2019entit\u00e9 sioniste.<\/p>\n\n\n\n<figure class=\"wp-block-image size-large\"><img decoding=\"async\" width=\"1024\" height=\"683\" src=\"https:\/\/fse-national.fr\/wp-content\/uploads\/2025\/09\/WhatsApp-Image-2025-09-23-at-18.53.59-1024x683.jpeg\" alt=\"\" class=\"wp-image-1887\" srcset=\"https:\/\/fse-national.fr\/wp-content\/uploads\/2025\/09\/WhatsApp-Image-2025-09-23-at-18.53.59-1024x683.jpeg 1024w, https:\/\/fse-national.fr\/wp-content\/uploads\/2025\/09\/WhatsApp-Image-2025-09-23-at-18.53.59-300x200.jpeg 300w, https:\/\/fse-national.fr\/wp-content\/uploads\/2025\/09\/WhatsApp-Image-2025-09-23-at-18.53.59-768x512.jpeg 768w, https:\/\/fse-national.fr\/wp-content\/uploads\/2025\/09\/WhatsApp-Image-2025-09-23-at-18.53.59-1536x1024.jpeg 1536w, https:\/\/fse-national.fr\/wp-content\/uploads\/2025\/09\/WhatsApp-Image-2025-09-23-at-18.53.59.jpeg 1600w\" sizes=\"(max-width: 1024px) 100vw, 1024px\" \/><\/figure>\n\n\n\n<p class=\"has-text-align-center\"><strong>DE LA MER AU JOURDAIN LA PALESTINE VIVRA ET LA PALESTINE VAINCRA<\/strong><\/p>\n\n\n\n<p><\/p>\n","protected":false},"excerpt":{"rendered":"<p>Apr\u00e8s pr\u00e8s de 2 ans de g\u00e9nocide et plus de 76 ans de colonisation, la France vient de reconna\u00eetre l\u2019\u00c9tat de Palestine. Cet acte ne sort pas de nul part : c&rsquo;est une preuve du rapport de force impos\u00e9 par la r\u00e9sistance palestinienne et soutenu par la mobilisation de solidarit\u00e9 \u00e0 celle-ci en France, et&#8230;<\/p>\n","protected":false},"author":1,"featured_media":1888,"comment_status":"open","ping_status":"open","sticky":false,"template":"","format":"standard","meta":{"tpgb_global_settings":"","_kad_post_transparent":"","_kad_post_title":"","_kad_post_layout":"","_kad_post_sidebar_id":"","_kad_post_content_style":"","_kad_post_vertical_padding":"","_kad_post_feature":"","_kad_post_feature_position":"","_kad_post_header":false,"_kad_post_footer":false,"_kad_post_classname":"","footnotes":""},"categories":[6],"tags":[103,46,61,25,62],"class_list":["post-1882","post","type-post","status-publish","format-standard","has-post-thumbnail","hentry","category-com-nat","tag-anti-imperialisme","tag-fse","tag-georges-abdallah","tag-macron","tag-palestine"],"tpgb_featured_images":{"full":["https:\/\/fse-national.fr\/wp-content\/uploads\/2025\/09\/ARTICLE-1600-x-900-px.png",1600,900,false],"tp-image-grid":["https:\/\/fse-national.fr\/wp-content\/uploads\/2025\/09\/ARTICLE-1600-x-900-px.png",700,394,false],"thumbnail":["https:\/\/fse-national.fr\/wp-content\/uploads\/2025\/09\/ARTICLE-1600-x-900-px-150x150.png",150,150,true],"medium":["https:\/\/fse-national.fr\/wp-content\/uploads\/2025\/09\/ARTICLE-1600-x-900-px-300x169.png",300,169,true],"medium_large":["https:\/\/fse-national.fr\/wp-content\/uploads\/2025\/09\/ARTICLE-1600-x-900-px-768x432.png",768,432,true],"large":["https:\/\/fse-national.fr\/wp-content\/uploads\/2025\/09\/ARTICLE-1600-x-900-px-1024x576.png",1024,576,true],"default":"https:\/\/fse-national.fr\/wp-content\/plugins\/the-plus-addons-for-block-editor\/assets\/images\/tpgb-placeholder.jpg"},"tpgb_post_meta_info":{"get_date":"23 septembre 2025","get_modified_date":"23 septembre 2025","category_list":{"category":[{"term_id":6,"name":"Communiqu\u00e9 national","slug":"com-nat","term_group":0,"term_taxonomy_id":6,"taxonomy":"category","description":"","parent":0,"count":34,"filter":"raw"}],"post_tag":[{"term_id":103,"name":"anti imp\u00e9rialisme","slug":"anti-imperialisme","term_group":0,"term_taxonomy_id":103,"taxonomy":"post_tag","description":"","parent":0,"count":1,"filter":"raw"},{"term_id":46,"name":"fse","slug":"fse","term_group":0,"term_taxonomy_id":46,"taxonomy":"post_tag","description":"","parent":0,"count":4,"filter":"raw"},{"term_id":61,"name":"georges abdallah","slug":"georges-abdallah","term_group":0,"term_taxonomy_id":61,"taxonomy":"post_tag","description":"","parent":0,"count":2,"filter":"raw"},{"term_id":25,"name":"Macron","slug":"macron","term_group":0,"term_taxonomy_id":25,"taxonomy":"post_tag","description":"","parent":0,"count":11,"filter":"raw"},{"term_id":62,"name":"palestine","slug":"palestine","term_group":0,"term_taxonomy_id":62,"taxonomy":"post_tag","description":"","parent":0,"count":4,"filter":"raw"}]},"author_name":"FSErpz","author_url":"https:\/\/fse-national.fr\/?author=1","author_email":"centra.fse@gmail.com","author_website":"","author_description":"","author_facebook":"","author_twitter":"","author_instagram":"","author_role":["administrator"],"author_firstname":"","author_lastname":"","user_login":"FSErpz","comment_count":1,"post_likes":0,"post_views":0},"tpgb_post_category":{"category":"<a href=\"https:\/\/fse-national.fr\/?cat=6\" alt=\"Communiqu\u00e9 national\" class=\"category-com-nat\">Communiqu\u00e9 national<\/a> ","post_tag":"<a href=\"https:\/\/fse-national.fr\/?tag=anti-imperialisme\" alt=\"anti imp\u00e9rialisme\" class=\"post_tag-anti-imperialisme\">anti imp\u00e9rialisme<\/a> <a href=\"https:\/\/fse-national.fr\/?tag=fse\" alt=\"fse\" class=\"post_tag-fse\">fse<\/a> <a href=\"https:\/\/fse-national.fr\/?tag=georges-abdallah\" alt=\"georges abdallah\" class=\"post_tag-georges-abdallah\">georges abdallah<\/a> <a href=\"https:\/\/fse-national.fr\/?tag=macron\" alt=\"Macron\" class=\"post_tag-macron\">Macron<\/a> <a href=\"https:\/\/fse-national.fr\/?tag=palestine\" alt=\"palestine\" class=\"post_tag-palestine\">palestine<\/a> "},"_links":{"self":[{"href":"https:\/\/fse-national.fr\/index.php?rest_route=\/wp\/v2\/posts\/1882","targetHints":{"allow":["GET"]}}],"collection":[{"href":"https:\/\/fse-national.fr\/index.php?rest_route=\/wp\/v2\/posts"}],"about":[{"href":"https:\/\/fse-national.fr\/index.php?rest_route=\/wp\/v2\/types\/post"}],"author":[{"embeddable":true,"href":"https:\/\/fse-national.fr\/index.php?rest_route=\/wp\/v2\/users\/1"}],"replies":[{"embeddable":true,"href":"https:\/\/fse-national.fr\/index.php?rest_route=%2Fwp%2Fv2%2Fcomments&post=1882"}],"version-history":[{"count":5,"href":"https:\/\/fse-national.fr\/index.php?rest_route=\/wp\/v2\/posts\/1882\/revisions"}],"predecessor-version":[{"id":1892,"href":"https:\/\/fse-national.fr\/index.php?rest_route=\/wp\/v2\/posts\/1882\/revisions\/1892"}],"wp:featuredmedia":[{"embeddable":true,"href":"https:\/\/fse-national.fr\/index.php?rest_route=\/wp\/v2\/media\/1888"}],"wp:attachment":[{"href":"https:\/\/fse-national.fr\/index.php?rest_route=%2Fwp%2Fv2%2Fmedia&parent=1882"}],"wp:term":[{"taxonomy":"category","embeddable":true,"href":"https:\/\/fse-national.fr\/index.php?rest_route=%2Fwp%2Fv2%2Fcategories&post=1882"},{"taxonomy":"post_tag","embeddable":true,"href":"https:\/\/fse-national.fr\/index.php?rest_route=%2Fwp%2Fv2%2Ftags&post=1882"}],"curies":[{"name":"wp","href":"https:\/\/api.w.org\/{rel}","templated":true}]}}