{"id":1817,"date":"2025-03-16T18:26:19","date_gmt":"2025-03-16T17:26:19","guid":{"rendered":"https:\/\/fse-national.fr\/?p=1817"},"modified":"2025-03-17T14:39:24","modified_gmt":"2025-03-17T13:39:24","slug":"les-etudiant-e-s-ne-paieront-pas-pour-leffort-de-guerre","status":"publish","type":"post","link":"https:\/\/fse-national.fr\/?p=1817","title":{"rendered":"LES \u00c9TUDIANT.E.S NE PAIERONT PAS POUR \u00ab\u00a0L&rsquo;EFFORT DE GUERRE\u00a0\u00bb !"},"content":{"rendered":"\n<p class=\"has-text-align-center\">En parall\u00e8le de l\u2019annonce d\u2019une \u00e9ni\u00e8me coupe budg\u00e9taire, faisant monter la totalit\u00e9 des pertes \u00e0 la somme astronomique de <strong>1.5 milliards d\u2019euros<\/strong> pour l\u2019Enseignement Sup\u00e9rieur et la recherche, le gouvernement a annonc\u00e9 une troisi\u00e8me loi de programmation militaire et pr\u00e9voit une <strong>augmentation de 3,3 milliards d\u2019euros pour l\u2019arm\u00e9e<\/strong>. <br><em><strong>Il n\u2019y a plus aucun doute : de l\u2019argent il y en a, et nous savons exactement o\u00f9 il va.<\/strong><\/em><\/p>\n\n\n\n<p class=\"has-text-align-center\">Il faut noter que si le budget de nos universit\u00e9s stagnent parfois, diminue drastiquement souvent avec des <strong>coupes budg\u00e9taires \u00e0 r\u00e9p\u00e9tition<\/strong> et aucun fond suppl\u00e9mentaire allou\u00e9 pour les r\u00e9novations de b\u00e2timents depuis 10 ans, le budget de l\u2019arm\u00e9e fran\u00e7aise, lui, a <strong>augment\u00e9 de 56% depuis 2017<\/strong>. En juin 2022, Macron annon\u00e7ait d\u00e9j\u00e0 la n\u00e9cessit\u00e9 de <strong>restructurer l\u2019\u00e9conomie pour \u00ab&nbsp;soutenir l\u2019effort de guerre&nbsp;\u00bb<\/strong>. R\u00e9cemment, les m\u00e9dias nous inondent toujours plus explicitement de <strong>cette rh\u00e9torique du conflit<\/strong> et de la guerre \u00e0 laquelle il faudrait se pr\u00e9parer dans toutes les sph\u00e8res de la soci\u00e9t\u00e9, en commen\u00e7ant par l\u2019\u00e9conomie. Alors que Trump est pr\u00eat \u00e0 vendre l\u2019Ukraine, <strong>Macron saute sur l\u2019occasion<\/strong> pour redorer son blason \u00e0 l\u2019international. Sa derni\u00e8re allocution sur la situation en Ukraine ne fait que le confirmer : <strong>la bourgeoisie se pr\u00e9pare \u00e0 la guerre<\/strong> dans un contexte o\u00f9 l\u2019extr\u00eame droite est de plus en plus d\u00e9complex\u00e9e, et o\u00f9 le gouvernement se r\u00e9actionnarise de fa\u00e7on ostentatoire.&nbsp;<\/p>\n\n\n\n<p class=\"has-text-align-center\"><strong>Ne soyons pas alarmistes pour autant<\/strong> : on ne nous enverra pas au front demain, ni dans les prochains mois. Restons mesur\u00e9s et <strong>mobilisons nous l\u00e0 o\u00f9 nous le pouvons<\/strong>. Les coupes budg\u00e9taires de nos universit\u00e9s ne sont en effet <strong>pas isol\u00e9es<\/strong> de cette question de l\u2019\u00e9conomie de guerre, le gouvernement sait ce qu\u2019il fait lorsqu\u2019il <strong>d\u00e9grade l\u2019\u00e9ducation et la recherche au profit de l\u2019arm\u00e9e<\/strong>. Pendant la guerre du Vietnam aux \u00c9tats Unis, on voyait des recruteurs de l\u2019arm\u00e9e aux portes des facs promettant un avenir plus stable et affranchis des dettes caus\u00e9es par leurs frais d\u2019inscription. En supprimant les financements des universit\u00e9s et en augmentant la s\u00e9lection, le gouvernement <strong>nous pousse vers la pr\u00e9carit\u00e9<\/strong> et cherche \u00e0 pr\u00e9senter l\u2019engagement dans l\u2019arm\u00e9e comme <strong>une perspective fiable et attractive pour la jeunesse<\/strong>. On le voit d\u00e9j\u00e0 dans <strong>l\u2019invitation r\u00e9currente de la police et de l\u2019arm\u00e9e<\/strong> dans les salons et forums pr\u00e9sentant les formations possibles pour les lyc\u00e9ens et sur les campus, notamment de science, pour le recrutement dans la cyber s\u00e9curit\u00e9 ou les technologies d\u2019armement. R\u00e9cemment, le ministre des affaires \u00e9trang\u00e8res a \u00e9t\u00e9 en personne \u00e0 Nantes pour <strong>convaincre les lyc\u00e9ens de l\u2019effort de guerre<\/strong>. La bourgeoisie se pr\u00e9pare \u00e0 la guerre, et si ce n\u2019est pas demain la veille que l\u2019on nous enverra au front <strong>nous devons d\u00e8s maintenant nous mobiliser contre cet \u00ab&nbsp;effort de guerre&nbsp;\u00bb<\/strong>.<\/p>\n\n\n\n<p class=\"has-text-align-center\">La lib\u00e9ralisation de nos universit\u00e9s a \u00e9galement comme cons\u00e9quence <strong>l\u2019entr\u00e9e de plus en plus fr\u00e9quente d\u2019entreprises priv\u00e9es dans nos instances d\u00e9mocratiques<\/strong>. Ces entreprises ont aujourd\u2019hui leur mot \u00e0 dire sur nos formations et nos sujets de recherches et peuvent les orienter. Quand on sait que la France est le <strong>3\u00e8me exportateur mondial d\u2019armement<\/strong> et que bon nombre de nos universit\u00e9s ont parmi leurs partenaires des entreprises comme Thal\u00e8s, Safran ou encore Dassault, certaines <strong>complices du g\u00e9nocide \u00e0 Gaza<\/strong>, on comprend vite <strong>le r\u00f4le que le gouvernement veut faire jouer \u00e0 nos universit\u00e9s<\/strong> dans \u00ab&nbsp;l\u2019effort de guerre&nbsp;\u00bb. Par ailleurs, les coupes de budget r\u00e9centes vont aussi <strong>pousser l\u2019universit\u00e9 publique \u00e0 se tourner toujours plus vers ces partenariats<\/strong> pour obtenir des financements, ou \u00e0 se reposer sur des appels \u00e0 projet dans ses activit\u00e9s de recherche, les <strong>soumettant aux besoins et au bon vouloir d\u2019un gouvernement qui fait de la guerre sa priorit\u00e9<\/strong>. Nous ne pouvons accepter que la science soit mise au service du patronat et de la bourgeoisie, nous devons, au contraire, <strong>revendiquer une science et une recherche au service du peuple<\/strong>, qui nous fasse avancer et nous \u00e9mancipe.<\/p>\n\n\n\n<p class=\"has-text-align-center has-medium-font-size\">Alors, en tant qu\u2019\u00e9tudiant-es, <strong>il est de notre devoir de continuer de nous mobiliser pour le budget<\/strong> de nos universit\u00e9s, pour des facs ouvertes \u00e0 tous-tes et libres dans leurs recherches. <strong>Nous devons affirmer haut et fort : nous ne paierons pas pour l\u2019imp\u00e9rialisme fran\u00e7ais<\/strong>, ni pour ses guerres, ni pour son empire colonial ! Il est plus que jamais <strong>n\u00e9cessaire<\/strong> d\u2019amener cette question partout sur nos campus : <strong><em>soyons r\u00e9solument anti-imp\u00e9rialistes, r\u00e9clamons la fin des partenariats de nos facs avec les entreprises d\u2019armement, rejoignons les initiatives qui vont dans ce sens, \u00e0 commencer par la Marche des Solidarit\u00e9s du 22 mars !<\/em><\/strong><\/p>\n\n\n\n<p class=\"has-text-align-center\" style=\"font-size:24px\"><strong>Les \u00e9tudiants ne veulent pas payer pour l\u2019imp\u00e9rialisme fran\u00e7ais : de l\u2019argent pour nos universit\u00e9s, pas pour la guerre, ni pour le priv\u00e9 !<\/strong><\/p>\n\n\n\n<p><\/p>\n","protected":false},"excerpt":{"rendered":"<p>En parall\u00e8le de l\u2019annonce d\u2019une \u00e9ni\u00e8me coupe budg\u00e9taire, faisant monter la totalit\u00e9 des pertes \u00e0 la somme astronomique de 1.5 milliards d\u2019euros pour l\u2019Enseignement Sup\u00e9rieur et la recherche, le gouvernement a annonc\u00e9 une troisi\u00e8me loi de programmation militaire et pr\u00e9voit une augmentation de 3,3 milliards d\u2019euros pour l\u2019arm\u00e9e. Il n\u2019y a plus aucun doute :&#8230;<\/p>\n","protected":false},"author":1,"featured_media":1818,"comment_status":"open","ping_status":"open","sticky":false,"template":"","format":"standard","meta":{"tpgb_global_settings":"","_kad_post_transparent":"","_kad_post_title":"","_kad_post_layout":"","_kad_post_sidebar_id":"","_kad_post_content_style":"","_kad_post_vertical_padding":"","_kad_post_feature":"","_kad_post_feature_position":"","_kad_post_header":false,"_kad_post_footer":false,"_kad_post_classname":"","footnotes":""},"categories":[1],"tags":[],"class_list":["post-1817","post","type-post","status-publish","format-standard","has-post-thumbnail","hentry","category-non-classe"],"tpgb_featured_images":{"full":["https:\/\/fse-national.fr\/wp-content\/uploads\/2025\/03\/Copie-de-Budget-2025-1600-x-900-px.png",1600,900,false],"tp-image-grid":["https:\/\/fse-national.fr\/wp-content\/uploads\/2025\/03\/Copie-de-Budget-2025-1600-x-900-px.png",700,394,false],"thumbnail":["https:\/\/fse-national.fr\/wp-content\/uploads\/2025\/03\/Copie-de-Budget-2025-1600-x-900-px-150x150.png",150,150,true],"medium":["https:\/\/fse-national.fr\/wp-content\/uploads\/2025\/03\/Copie-de-Budget-2025-1600-x-900-px-300x169.png",300,169,true],"medium_large":["https:\/\/fse-national.fr\/wp-content\/uploads\/2025\/03\/Copie-de-Budget-2025-1600-x-900-px-768x432.png",768,432,true],"large":["https:\/\/fse-national.fr\/wp-content\/uploads\/2025\/03\/Copie-de-Budget-2025-1600-x-900-px-1024x576.png",1024,576,true],"default":"https:\/\/fse-national.fr\/wp-content\/plugins\/the-plus-addons-for-block-editor\/assets\/images\/tpgb-placeholder.jpg"},"tpgb_post_meta_info":{"get_date":"16 mars 2025","get_modified_date":"17 mars 2025","category_list":{"category":[{"term_id":1,"name":"Non class\u00e9","slug":"non-classe","term_group":0,"term_taxonomy_id":1,"taxonomy":"category","description":"","parent":0,"count":21,"filter":"raw"}],"post_tag":false},"author_name":"FSErpz","author_url":"https:\/\/fse-national.fr\/?author=1","author_email":"centra.fse@gmail.com","author_website":"","author_description":"","author_facebook":"","author_twitter":"","author_instagram":"","author_role":["administrator"],"author_firstname":"","author_lastname":"","user_login":"FSErpz","comment_count":1,"post_likes":0,"post_views":0},"tpgb_post_category":{"category":"<a href=\"https:\/\/fse-national.fr\/?cat=1\" alt=\"Non class\u00e9\" class=\"category-non-classe\">Non class\u00e9<\/a> "},"_links":{"self":[{"href":"https:\/\/fse-national.fr\/index.php?rest_route=\/wp\/v2\/posts\/1817","targetHints":{"allow":["GET"]}}],"collection":[{"href":"https:\/\/fse-national.fr\/index.php?rest_route=\/wp\/v2\/posts"}],"about":[{"href":"https:\/\/fse-national.fr\/index.php?rest_route=\/wp\/v2\/types\/post"}],"author":[{"embeddable":true,"href":"https:\/\/fse-national.fr\/index.php?rest_route=\/wp\/v2\/users\/1"}],"replies":[{"embeddable":true,"href":"https:\/\/fse-national.fr\/index.php?rest_route=%2Fwp%2Fv2%2Fcomments&post=1817"}],"version-history":[{"count":2,"href":"https:\/\/fse-national.fr\/index.php?rest_route=\/wp\/v2\/posts\/1817\/revisions"}],"predecessor-version":[{"id":1820,"href":"https:\/\/fse-national.fr\/index.php?rest_route=\/wp\/v2\/posts\/1817\/revisions\/1820"}],"wp:featuredmedia":[{"embeddable":true,"href":"https:\/\/fse-national.fr\/index.php?rest_route=\/wp\/v2\/media\/1818"}],"wp:attachment":[{"href":"https:\/\/fse-national.fr\/index.php?rest_route=%2Fwp%2Fv2%2Fmedia&parent=1817"}],"wp:term":[{"taxonomy":"category","embeddable":true,"href":"https:\/\/fse-national.fr\/index.php?rest_route=%2Fwp%2Fv2%2Fcategories&post=1817"},{"taxonomy":"post_tag","embeddable":true,"href":"https:\/\/fse-national.fr\/index.php?rest_route=%2Fwp%2Fv2%2Ftags&post=1817"}],"curies":[{"name":"wp","href":"https:\/\/api.w.org\/{rel}","templated":true}]}}