{"id":1804,"date":"2025-01-31T19:03:37","date_gmt":"2025-01-31T18:03:37","guid":{"rendered":"https:\/\/fse-national.fr\/?p=1804"},"modified":"2026-01-20T12:43:50","modified_gmt":"2026-01-20T11:43:50","slug":"parcoursup-analyse-de-la-machine-a-broyer-les-etudiant-es","status":"publish","type":"post","link":"https:\/\/fse-national.fr\/?p=1804","title":{"rendered":"Parcoursup : analyse de la machine \u00e0 broyer les \u00e9tudiant-es"},"content":{"rendered":"\n<p>Il y a deux semaines, Parcoursup ouvrait son portail aux lyc\u00e9ens et \u00e9tudiants souhaitant postuler dans des formations du sup\u00e9rieur. Sept ans apr\u00e8s sa mise en place, son fonctionnement reste flou et est source d&rsquo;angoisse pour beaucoup de futurs \u00e9tudiants. En effet, Parcoursup n\u2019est pas une simple plateforme d\u2019entr\u00e9e vers le sup\u00e9rieur : il s\u2019agit d\u2019une <strong>plateforme de s\u00e9lection f\u00e9roce, bas\u00e9e sur des crit\u00e8res opaques<\/strong>. Si tu as besoin d\u2019aide, \u00e0 n\u2019importe quelle \u00e9tape, <a href=\"https:\/\/fse-national.fr\/?page_id=143\" data-type=\"page\" data-id=\"143\">contacte-nous<\/a> !<\/p>\n\n\n\n<h2 class=\"wp-block-heading\">Comment fonctionne Parcoursup ?<\/h2>\n\n\n\n<p>La plateforme suit un calendrier pr\u00e9cis, au-del\u00e0 duquel la s\u00e9lection de nouveaux v\u0153ux et la saisie des dossiers ne sera plus possible.<\/p>\n\n\n\n<p><em>1. La Phase Principale<\/em><\/p>\n\n\n\n<p>Du 15 janvier au 13 mars 2025, tu peux cr\u00e9er ton dossier sur la plateforme et formuler les v\u0153ux que tu souhaites. Tu as le droit \u00e0 10 v\u0153ux au maximum, et 10 v\u0153ux suppl\u00e9mentaires en apprentissage.<\/p>\n\n\n\n<p>Du 14 mars au 2 avril 2025, tu ne pourras plus formuler de nouveaux v\u0153ux mais tu pourras toujours compl\u00e9ter tes dossiers avec les documents demand\u00e9s par chaque formation et confirmer tes v\u0153ux. Les v\u0153ux seront ensuite examin\u00e9s par les formations.<\/p>\n\n\n\n<p>A partir du 2 juin et jusqu\u2019au 10 juillet, les r\u00e9ponses des \u00e9tablissements seront publi\u00e9es sur le site. Tu as un d\u00e9lai pour accepter ou refuser le v\u0153u : il est indiqu\u00e9 pour chaque formation. <strong>\/!\\ Pass\u00e9 le d\u00e9lai accord\u00e9, le v\u0153ux est automatiquement refus\u00e9 par la plateforme !<\/strong><\/p>\n\n\n\n<p>Du 6 au 10 juin, la plateforme impose que tu classes tes v\u0153ux par ordre de pr\u00e9f\u00e9rence, si le v\u0153ux class\u00e9 en premier est accept\u00e9, tous les autres seront effac\u00e9s.<\/p>\n\n\n\n<p><em>2. La Phase Compl\u00e9mentaire<\/em><\/p>\n\n\n\n<p>A partir du 11 juin, et jusqu&rsquo;au 11 septembre, la phase compl\u00e9mentaire commence. Si tu n&rsquo;as re\u00e7u aucune r\u00e9ponse positive, et m\u00eame si certains v\u0153ux sont encore en attente, tu peux formuler 10 v\u0153ux suppl\u00e9mentaires dans les formations qui ont encore de la place.<\/p>\n\n\n\n<p>\/!\\ Pass\u00e9 le 11 septembre 2025, tu ne pourras plus recevoir d&rsquo;acceptation ou formuler de nouveaux v\u0153ux ! Si tu n&rsquo;as toujours pas de formation, contacte ton syndicat \u00e9tudiant ! Ensemble nous pouvons lutter contre la s\u00e9lection qui laisse certains d&rsquo;entre nous sans formation !<\/p>\n\n\n\n<h2 class=\"wp-block-heading\">Qu&rsquo;est-ce qui change en 2025 ?<\/h2>\n\n\n\n<p>Chaque ann\u00e9e, la plateforme apporte son lot de nouveaut\u00e9s : officiellement pour \u00ab\u00a0am\u00e9liorer la plateforme\u00a0\u00bb et la rendre \u00ab\u00a0plus efficace et plus transparente\u00a0\u00bb, en r\u00e9alit\u00e9 pour accentuer toujours plus la s\u00e9lection aux portes de l&rsquo;enseignement sup\u00e9rieur et parfaire la lib\u00e9ralisation de l&rsquo;universit\u00e9 publique, processus en cours depuis des ann\u00e9es.<\/p>\n\n\n\n<p>Les d\u00e9lais pour accepter ou refuser une formation diminuent d\u2019ann\u00e9e en ann\u00e9e et le classement des v\u0153ux est assez r\u00e9cent, et ce, pour rendre la plateforme \u201cplus efficace\u201d : entendons par l\u00e0, s\u00e9lectionner encore plus vite les futurs \u00e9tudiants, qui doivent faire un choix important en seulement quelques heures. <strong>Si le gouvernement se retrouve aujourd\u2019hui \u00e0 compresser les d\u00e9lais de r\u00e9ponses, c\u2019est le fruit de la lib\u00e9ralisation progressive de l\u2019enseignement sup\u00e9rieur et de la recherche et des coupes budg\u00e9taires \u00e0 r\u00e9p\u00e9tition, mises en place par les politiques successives qui poussent \u00e0 la fermeture de places et de fili\u00e8res partout en France.<\/strong> Face \u00e0 ces mesures, la seule solution, c\u2019est la mobilisation : pour plus de places, plus de professeurs, plus de moyens pour nos \u00e9tudes!<\/p>\n\n\n\n<p>Cette ann\u00e9e, la plateforme lance \u00e9galement une nouvelle fonctionnalit\u00e9 : le <em>simulateur de sp\u00e9cialit\u00e9 <\/em>qui permettra aux candidats de voir en un coup d&rsquo;\u0153il leur pourcentage de chance d\u2019\u00eatre accept\u00e9 dans une formation, bas\u00e9 sur leur sp\u00e9cialit\u00e9s et leur moyenne g\u00e9n\u00e9rale.<strong> Il s\u2019agit l\u00e0 d\u2019un v\u00e9ritable outil de pr\u00e9-s\u00e9lection pour la plateforme : d\u00e9courageant les candidats, poussant ceux qui viennent de lyc\u00e9es d\u00e9favoris\u00e9s ou de fili\u00e8res d\u00e9class\u00e9es vers des formations professionnalisantes et le salariat, le plus loin possible des universit\u00e9s.<\/strong> Cette nouvelle fonctionnalit\u00e9 s\u2019inscrit dans la continuit\u00e9 de la r\u00e9forme du baccalaur\u00e9at qui pousse d\u00e9j\u00e0 les lyc\u00e9ens \u00e0 se sp\u00e9cialiser de plus en plus t\u00f4t et exclut d\u00e8s la premi\u00e8re une bonne partie d\u2019entre eux sur la seule base de leur lyc\u00e9e d\u2019origine et des sp\u00e9cialit\u00e9s qu\u2019il a les moyens de mettre en place.<\/p>\n\n\n\n<p>Nous noterons aussi une augmentation de la part de l&rsquo;enseignement priv\u00e9 dans l\u2019offre de formation de parcoursup, cons\u00e9quence directe de la casse de nos universit\u00e9s publiques. Depuis 2023, c\u2019est plus de 40% des formations propos\u00e9es par la plateforme qui sont priv\u00e9es, en quatre ans le nombre de ces formations a doubl\u00e9 alors que la part de l\u2019enseignement public stagne. On estime qu\u2019aujourd\u2019hui, c\u2019est plus d\u2019un \u00e9tudiant sur quatre qui est inscrit dans le priv\u00e9 pendant que l\u2019universit\u00e9 publique suffoque sous les coupes budg\u00e9taires successives. Il n\u2019est alors pas \u00e9tonnant de voir une r\u00e9surgence des pr\u00eats \u00e9tudiants, poussant ceux qui ont peu de moyen \u00e0 s\u2019endetter pour pouvoir acc\u00e9der \u00e0 une formation qui ne sera peut-\u00eatre m\u00eame pas reconnue.<\/p>\n\n\n\n<p>Enfin, nous pouvons d\u00e9j\u00e0 nous inqui\u00e9ter au sujet des \u00e9tudiants laiss\u00e9s sans proposition d\u2019admission satisfaisante. L\u2019ann\u00e9e derni\u00e8re, le chiffre des laiss\u00e9s pour compt\u00e9 \u00e9tait en hausse : <strong>85 000 candidats \u00e9taient toujours dans l\u2019attente en juillet 2024 \u00e0 l&rsquo;issue de la phase principale d\u2019admission.<\/strong> C\u2019\u00e9tait 8 000 \u00e9tudiants de plus que l\u2019ann\u00e9e pr\u00e9c\u00e9dente, \u00e9ni\u00e8me preuve que les \u201cam\u00e9liorations\u201d de la plateforme ne sont que de la poudre aux yeux. Le minist\u00e8re rappelait l\u2019augmentation du nombre de bacheliers en r\u00e9ponse \u00e0 cette hausse, mais il convient \u00e9galement de pointer la baisse du nombre de places \u00e0 l\u2019universit\u00e9. <strong>Cette ann\u00e9e encore ont \u00e9t\u00e9 annonc\u00e9es des suppressions de places dans plusieurs universit\u00e9s pour la rentr\u00e9e prochaine ; \u00e0 titre d\u2019exemple : 600 places sont supprim\u00e9es \u00e0 Lille, 245 places \u00e0 Paris 8 et 270 \u00e0 Bordeaux Montaigne.<\/strong>\u00a0<\/p>\n\n\n\n<h2 class=\"wp-block-heading\">Comment lutter contre la s\u00e9lection ?<\/h2>\n\n\n\n<p>Si l\u2019algorithme de Parcoursup reste opaque, les motivations politiques derri\u00e8re la cr\u00e9ation de la plateforme sont, quant \u00e0 elles, bien claires. Il s\u2019agit pour le gouvernement de poser un voile sur les suppressions de places incessantes qui chaque ann\u00e9e r\u00e9duisent davantage nos chances d\u2019obtenir les formations qui nous int\u00e9ressent, voire une formation tout court.<\/p>\n\n\n\n<p class=\"has-black-color has-text-color has-link-color wp-elements-f526514430324a01bec0d066645c35eb\">Pour nous, il n\u2019est pas question de chercher \u00e0 am\u00e9nager Parcoursup, de sorte \u00e0 rendre la fac plus ou moins accessible aux uns, tout en s&rsquo;accommodant du fait que d\u2019autres soient laiss\u00e9s de c\u00f4t\u00e9. Ce n\u2019est pas Parcoursup qu\u2019il faut r\u00e9former : <strong>C&rsquo;EST LA SELECTION QU&rsquo;IL FAUT ANEANTIR<\/strong>. Rappelons qu\u2019il y a moins de dix ans, il suffisait de se rendre dans n\u2019importe quelle fac de son choix en septembre pour s\u2019y inscrire.<\/p>\n\n\n\n<p>Nous ne nous battons pas pour mettre en place la m\u00e9ritocratie. Nous ne luttons pas juste pour que certains \u00e9tudiants pauvres et issus de la classe des travailleurs puissent avoir acc\u00e8s \u00e0 des \u00e9tudes d\u2019\u00e9lite. Nous nous battons pour qu\u2019il n\u2019y ait plus de facs \u201cd\u2019\u00e9lite\u201d et d\u2019autres \u00e0 la renomm\u00e9e m\u00e9diocre. Nous ne nous battons pas pour que les \u00e9tudiants issus de \u201cmauvaises facs\u201d puissent obtenir des places dans les \u201cmeilleures \u201c, mais pour que toutes les facs soient de bonnes facs. La r\u00e9ussite des uns ne peut reposer sur l\u2019\u00e9chec des autres, encore moins sur l\u2019\u00e9chec de la majorit\u00e9.<strong> Nous devons nous organiser ensemble pour sortir des logiques de concurrences entre les universit\u00e9s et donc entre \u00e9tudiants, et lutter pour un acc\u00e8s au savoir libre, \u00e9gal, inconditionnel et de bonne qualit\u00e9. <\/strong>C\u2019est le r\u00f4le du service public et nos facs doivent s\u2019y r\u00e9f\u00e9rer. Les universit\u00e9s doivent sp\u00e9cifiquement r\u00e9pondre \u00e0 l\u2019enjeu d\u2019\u00eatre librement accessibles, tout au long de la vie m\u00eame pour ceux qui travaillent, et doivent \u00eatre un lieu d\u2019\u00e9mancipation et d\u2019accroissement des savoirs. Ce n\u2019est pas id\u00e9aliste : fut un \u00e9poque, pas si lointaine, o\u00f9 l\u2019enseignement sup\u00e9rieur s&rsquo;ouvrait largement aux masses.\u00a0<\/p>\n\n\n\n<p><strong>Or, notre \u00e9ducation ne peut pas d\u00e9pendre des fluctuations des int\u00e9r\u00eats de la bourgeoisie. <\/strong>C\u2019est \u00e0 nous de faire des facs les n\u00f4tres. A nous, \u00e9tudiants et travailleurs des universit\u00e9s, d\u2019imposer notre agenda. Le processus de lib\u00e9ralisation de l\u2019ESR, qui met les universit\u00e9s au main des int\u00e9r\u00eats priv\u00e9s, ne date pas d\u2019hier. Mais l\u2019offensive que nous connaissons ces derni\u00e8res ann\u00e9es avec l\u2019intensification des coupes budg\u00e9taires ne doit pas signer l&rsquo;arr\u00eat de mort de l\u2019universit\u00e9 publique. <strong>Les \u00e9tudiants doivent prendre en main leur destin, et se mobiliser<\/strong>, \u00e0 l&rsquo;instar de ce qu\u2019ils ont fait en juin dernier partout dans le monde en s\u2019engageant massivement dans le mobilisation pour la Palestine ; \u00e0 l\u2019instar de ce qu\u2019il se passe actuellement en Serbie o\u00f9 80% des universit\u00e9s sont bloqu\u00e9es ; et comme ce qu\u2019il se passe actuellement \u00e0 <a href=\"https:\/\/fse-national.fr\/?p=1794\" data-type=\"post\" data-id=\"1794\">Rennes<\/a>, ou 3 000 \u00e9tudiants ont pris les rues mercredi dernier pour protester contre les coupes budg\u00e9taires.<\/p>\n\n\n\n<p class=\"has-vivid-red-color has-text-color has-link-color wp-elements-8720feb04bb9d3a2b467a4b3b80aada2\"><strong>Pour garder une chance d\u2019\u00e9tudier, syndique-toi et mobilise-toi ! C\u2019est ensemble que nous r\u00e9ussissons \u00e0 nous \u00e9pauler et nous entraider lors de notre passage par les processus de s\u00e9lection &#8211; et c\u2019est aussi ensemble que nous pouvons les combattre !<\/strong><\/p>\n\n\n\n<p class=\"has-vivid-red-color has-text-color has-link-color wp-elements-6ae422cbac6084117fb050c096ee3814\"><strong>Fac ouverte aux enfants d\u2019ouvriers\u00a0 ! Fac ferm\u00e9e aux int\u00e9r\u00eats priv\u00e9s !<\/strong><\/p>\n\n\n\n<p><\/p>\n","protected":false},"excerpt":{"rendered":"<p>Il y a deux semaines, Parcoursup ouvrait son portail aux lyc\u00e9ens et \u00e9tudiants souhaitant postuler dans des formations du sup\u00e9rieur. Sept ans apr\u00e8s sa mise en place, son fonctionnement reste flou et est source d&rsquo;angoisse pour beaucoup de futurs \u00e9tudiants. En effet, Parcoursup n\u2019est pas une simple plateforme d\u2019entr\u00e9e vers le sup\u00e9rieur : il s\u2019agit&#8230;<\/p>\n","protected":false},"author":1,"featured_media":1813,"comment_status":"open","ping_status":"open","sticky":true,"template":"","format":"standard","meta":{"tpgb_global_settings":"","_kad_post_transparent":"","_kad_post_title":"","_kad_post_layout":"","_kad_post_sidebar_id":"","_kad_post_content_style":"","_kad_post_vertical_padding":"","_kad_post_feature":"","_kad_post_feature_position":"","_kad_post_header":false,"_kad_post_footer":false,"_kad_post_classname":"","footnotes":""},"categories":[10],"tags":[101,82,98,99,100],"class_list":["post-1804","post","type-post","status-publish","format-standard","has-post-thumbnail","hentry","category-questions-universitaires","tag-etudes","tag-manque-de-moyens","tag-parcoursup","tag-selection","tag-universite"],"tpgb_featured_images":{"full":["https:\/\/fse-national.fr\/wp-content\/uploads\/2025\/01\/couverture-article-parcoursup.png",1600,900,false],"tp-image-grid":["https:\/\/fse-national.fr\/wp-content\/uploads\/2025\/01\/couverture-article-parcoursup.png",700,394,false],"thumbnail":["https:\/\/fse-national.fr\/wp-content\/uploads\/2025\/01\/couverture-article-parcoursup-150x150.png",150,150,true],"medium":["https:\/\/fse-national.fr\/wp-content\/uploads\/2025\/01\/couverture-article-parcoursup-300x169.png",300,169,true],"medium_large":["https:\/\/fse-national.fr\/wp-content\/uploads\/2025\/01\/couverture-article-parcoursup-768x432.png",768,432,true],"large":["https:\/\/fse-national.fr\/wp-content\/uploads\/2025\/01\/couverture-article-parcoursup-1024x576.png",1024,576,true],"default":"https:\/\/fse-national.fr\/wp-content\/plugins\/the-plus-addons-for-block-editor\/assets\/images\/tpgb-placeholder.jpg"},"tpgb_post_meta_info":{"get_date":"31 janvier 2025","get_modified_date":"20 janvier 2026","category_list":{"category":[{"term_id":10,"name":"Questions Universitaires","slug":"questions-universitaires","term_group":0,"term_taxonomy_id":10,"taxonomy":"category","description":"","parent":0,"count":22,"filter":"raw"}],"post_tag":[{"term_id":101,"name":"\u00e9tudes","slug":"etudes","term_group":0,"term_taxonomy_id":101,"taxonomy":"post_tag","description":"","parent":0,"count":1,"filter":"raw"},{"term_id":82,"name":"manque de moyens","slug":"manque-de-moyens","term_group":0,"term_taxonomy_id":82,"taxonomy":"post_tag","description":"","parent":0,"count":2,"filter":"raw"},{"term_id":98,"name":"Parcoursup","slug":"parcoursup","term_group":0,"term_taxonomy_id":98,"taxonomy":"post_tag","description":"","parent":0,"count":1,"filter":"raw"},{"term_id":99,"name":"S\u00e9lection","slug":"selection","term_group":0,"term_taxonomy_id":99,"taxonomy":"post_tag","description":"","parent":0,"count":1,"filter":"raw"},{"term_id":100,"name":"universit\u00e9","slug":"universite","term_group":0,"term_taxonomy_id":100,"taxonomy":"post_tag","description":"","parent":0,"count":1,"filter":"raw"}]},"author_name":"FSErpz","author_url":"https:\/\/fse-national.fr\/?author=1","author_email":"centra.fse@gmail.com","author_website":"","author_description":"","author_facebook":"","author_twitter":"","author_instagram":"","author_role":["administrator"],"author_firstname":"","author_lastname":"","user_login":"FSErpz","comment_count":1,"post_likes":0,"post_views":0},"tpgb_post_category":{"category":"<a href=\"https:\/\/fse-national.fr\/?cat=10\" alt=\"Questions Universitaires\" class=\"category-questions-universitaires\">Questions Universitaires<\/a> ","post_tag":"<a href=\"https:\/\/fse-national.fr\/?tag=etudes\" alt=\"\u00e9tudes\" class=\"post_tag-etudes\">\u00e9tudes<\/a> <a href=\"https:\/\/fse-national.fr\/?tag=manque-de-moyens\" alt=\"manque de moyens\" class=\"post_tag-manque-de-moyens\">manque de moyens<\/a> <a href=\"https:\/\/fse-national.fr\/?tag=parcoursup\" alt=\"Parcoursup\" class=\"post_tag-parcoursup\">Parcoursup<\/a> <a href=\"https:\/\/fse-national.fr\/?tag=selection\" alt=\"S\u00e9lection\" class=\"post_tag-selection\">S\u00e9lection<\/a> <a href=\"https:\/\/fse-national.fr\/?tag=universite\" alt=\"universit\u00e9\" class=\"post_tag-universite\">universit\u00e9<\/a> "},"_links":{"self":[{"href":"https:\/\/fse-national.fr\/index.php?rest_route=\/wp\/v2\/posts\/1804","targetHints":{"allow":["GET"]}}],"collection":[{"href":"https:\/\/fse-national.fr\/index.php?rest_route=\/wp\/v2\/posts"}],"about":[{"href":"https:\/\/fse-national.fr\/index.php?rest_route=\/wp\/v2\/types\/post"}],"author":[{"embeddable":true,"href":"https:\/\/fse-national.fr\/index.php?rest_route=\/wp\/v2\/users\/1"}],"replies":[{"embeddable":true,"href":"https:\/\/fse-national.fr\/index.php?rest_route=%2Fwp%2Fv2%2Fcomments&post=1804"}],"version-history":[{"count":6,"href":"https:\/\/fse-national.fr\/index.php?rest_route=\/wp\/v2\/posts\/1804\/revisions"}],"predecessor-version":[{"id":1812,"href":"https:\/\/fse-national.fr\/index.php?rest_route=\/wp\/v2\/posts\/1804\/revisions\/1812"}],"wp:featuredmedia":[{"embeddable":true,"href":"https:\/\/fse-national.fr\/index.php?rest_route=\/wp\/v2\/media\/1813"}],"wp:attachment":[{"href":"https:\/\/fse-national.fr\/index.php?rest_route=%2Fwp%2Fv2%2Fmedia&parent=1804"}],"wp:term":[{"taxonomy":"category","embeddable":true,"href":"https:\/\/fse-national.fr\/index.php?rest_route=%2Fwp%2Fv2%2Fcategories&post=1804"},{"taxonomy":"post_tag","embeddable":true,"href":"https:\/\/fse-national.fr\/index.php?rest_route=%2Fwp%2Fv2%2Ftags&post=1804"}],"curies":[{"name":"wp","href":"https:\/\/api.w.org\/{rel}","templated":true}]}}