{"id":1734,"date":"2024-07-05T19:22:18","date_gmt":"2024-07-05T17:22:18","guid":{"rendered":"https:\/\/fse-national.fr\/?p=1734"},"modified":"2024-08-08T18:46:08","modified_gmt":"2024-08-08T16:46:08","slug":"repression-syndicale-3-etudiantes-syndiquees-expulsees-de-leur-cite-u-par-le-crous-bretagne","status":"publish","type":"post","link":"https:\/\/fse-national.fr\/?p=1734","title":{"rendered":"R\u00c9PRESSION SYNDICALE : 3 \u00c9TUDIANTES SYNDIQU\u00c9ES EXPULS\u00c9ES DE LEUR CIT\u00c9 U PAR LE CROUS BRETAGNE"},"content":{"rendered":"\n<p>Entre septembre 2023 et d\u00e9cembre 2023, nos camarades de Rennes se sont mobilis\u00e9-e-s pour Mohammed. Cet \u00e9tudiant handicap\u00e9 moteur, sourd et souffrant de plusieurs maladies auto-immunes, s\u2019est retrouv\u00e9 sans logement \u00e0 la rentr\u00e9e de septembre, \u00e0 cause de sa situation irr\u00e9guli\u00e8re. Il a \u00e9t\u00e9 hospitalis\u00e9 plusieurs fois au cours du semestre puisque, sans logement stable et adapt\u00e9, il ne pouvait avoir acc\u00e8s aux soins et au suivi m\u00e9dical dont il d\u00e9pend pour vivre. Dans ce cadre, nos camarades ont demand\u00e9 \u00e0 obtenir un rendez-vous avec le CROUS Bretagne, mais sans r\u00e9ponse et au vu de l\u2019urgence de la situation, ils ont occup\u00e9 les lieux. Seulement quelques jours plus tard, un logement d\u2019urgence a \u00e9t\u00e9 obtenu pour Mohammed, dont une grande partie a \u00e9t\u00e9 financ\u00e9e par le CROUS.Suite \u00e0 cette mobilisation, trois de nos camarades responsables de notre section rennaise ont re\u00e7u des refus de renouvellement de leurs logements en cit\u00e9 universitaire. Le CROUS Bretagne poursuit nos camarades en justice pour d\u00e9gradation, diffamation, atteinte \u00e0 la vie priv\u00e9e et elles n\u2019ont plus acc\u00e8s aux logements CROUS, \u00e0 Rennes ou ailleurs, pour motif de \u201ccontentieux disciplinaire\u201d. Depuis, le directeur du CROUS Bretagne a refus\u00e9 le recours gracieux de nos camarades : tant que des lettres d\u2019excuses ne lui seront pas \u00e9crites et que les posts sur les r\u00e9seaux sociaux d\u00e9non\u00e7ant le CROUS ne seront pas supprim\u00e9s, le recours ne sera pas examin\u00e9.<\/p>\n\n\n\n<p><\/p>\n\n\n\n<p>Elles ont \u00e9t\u00e9 inform\u00e9es de la situation par un mail du CROUS, re\u00e7u tardivement et contenant plusieurs erreurs. Nos trois camarades ont \u00e9t\u00e9 cibl\u00e9es simplement parce qu\u2019elles vivent en r\u00e9sidence CROUS et y ont milit\u00e9, l\u2019une d\u2019elle n\u2019ayant m\u00eame pas \u00e9t\u00e9 pr\u00e9sente lors des occupations. De plus, aucun-e militant-e de la section rennaise vivant en dehors d\u2019une r\u00e9sidence universitaire n\u2019a \u00e9t\u00e9 vis\u00e9-e par la plainte d\u00e9pos\u00e9e. La proc\u00e9dure du CROUS Bretagne, les motifs des expulsions et l\u2019amalgame fait entre syndicalistes et r\u00e9sidentes, nous montrent que ce \u00e0 quoi font face nos trois camarades n\u2019est rien d\u2019autre que de la r\u00e9pression syndicale, dont l\u2019objectif est de leur faire peur, de les emp\u00eacher de militer et de redorer l\u2019image du CROUS.<\/p>\n\n\n\n<p><\/p>\n\n\n\n<p> Nous d\u00e9non\u00e7ons donc la r\u00e9pression syndicale commise par le CROUS Bretagne, qui semble vouloir punir nos camarades d\u2019avoir d\u00e9fendu nos droits et ceux de tous-tes les \u00e9tudiant-e-s r\u00e9sidant en cit\u00e9 universitaire. Cette proc\u00e9dure ne prouve qu\u2019une chose : la volont\u00e9 du CROUS d\u2019aller plus loin dans la r\u00e9pression, ce qui pourrait devenir une norme dans tous les autres et c\u2019est pourquoi nous la combattrons jusqu\u2019au bout. Un recours au tribunal administratif ainsi qu\u2019un recours contentieux sont en cours pour lutter contre les d\u00e9cisions du CROUS Bretagne.<\/p>\n\n\n\n<p><\/p>\n\n\n\n<p>Elle s\u2019inscrit dans une vague de r\u00e9pression dont sont particuli\u00e8rement victimes les syndicalistes ces derniers mois, comme le d\u00e9montre le licenciement du syndicaliste CGT Timoth\u00e9e Esprit ou la condamnation \u00e0 un an de prison avec sursis du secr\u00e9taire g\u00e9n\u00e9ral de l\u2019union d\u00e9partementale de la CGT du Nord, Jean-Paul Delescaut. Mais au-del\u00e0 de la r\u00e9pression syndicale, c\u2019est une atteinte aux droits de tous-tes les \u00e9tudiant-es que nous d\u00e9non\u00e7ons.<\/p>\n\n\n\n<p><\/p>\n\n\n\n<p>Nous appelons donc au soutien de toutes les organisations syndicales et\/ou attach\u00e9e aux libert\u00e9s politiques et syndicales souhaitant se joindre \u00e0 cet appel et \u00e0 la signature de la p\u00e9tition pour le retrait par le CROUS Bretagne de toutes les proc\u00e9dures initi\u00e9es \u00e0 l\u2019encontre de nos camarades afin que de nouveaux logements leur soient attribu\u00e9s d\u00e8s maintenant. Quoi qu\u2019il en soit, la FSE continuera son activit\u00e9 sans peur et sans honte, dans les cit\u00e9s Universitaires comme ailleurs. Nous ne renoncerons pas !<\/p>\n\n\n\n<p><\/p>\n\n\n\n<p>La FSE Rennes et le bureau national de la FSE<\/p>\n\n\n\n<figure class=\"wp-block-image size-full\"><img fetchpriority=\"high\" decoding=\"async\" width=\"937\" height=\"642\" src=\"https:\/\/fse-national.fr\/wp-content\/uploads\/2024\/07\/Screenshot_2024-07-05-16-11-45-277_com.canva_.editor-edit-1.jpg\" alt=\"\" class=\"wp-image-1735\" srcset=\"https:\/\/fse-national.fr\/wp-content\/uploads\/2024\/07\/Screenshot_2024-07-05-16-11-45-277_com.canva_.editor-edit-1.jpg 937w, https:\/\/fse-national.fr\/wp-content\/uploads\/2024\/07\/Screenshot_2024-07-05-16-11-45-277_com.canva_.editor-edit-1-300x206.jpg 300w, https:\/\/fse-national.fr\/wp-content\/uploads\/2024\/07\/Screenshot_2024-07-05-16-11-45-277_com.canva_.editor-edit-1-768x526.jpg 768w\" sizes=\"(max-width: 937px) 100vw, 937px\" \/><\/figure>\n\n\n\n<figure class=\"wp-block-gallery has-nested-images columns-default is-cropped wp-block-gallery-1 is-layout-flex wp-block-gallery-is-layout-flex\">\n<figure class=\"wp-block-image size-large\"><img decoding=\"async\" width=\"500\" height=\"500\" data-id=\"1736\" src=\"https:\/\/fse-national.fr\/wp-content\/uploads\/2024\/07\/20240705_161057-1.png\" alt=\"\" class=\"wp-image-1736\" srcset=\"https:\/\/fse-national.fr\/wp-content\/uploads\/2024\/07\/20240705_161057-1.png 500w, https:\/\/fse-national.fr\/wp-content\/uploads\/2024\/07\/20240705_161057-1-300x300.png 300w, https:\/\/fse-national.fr\/wp-content\/uploads\/2024\/07\/20240705_161057-1-150x150.png 150w\" sizes=\"(max-width: 500px) 100vw, 500px\" \/><\/figure>\n<\/figure>\n\n\n\n<p>Liens de la p\u00e9tition : <a href=\"https:\/\/www.change.org\/p\/stop-%C3%A0-l-expulsion-de-syndicalistes-%C3%A9tudiantes-au-crous-bretagne?fbclid=PAZXh0bgNhZW0CMTEAAaYOxlWQkxY_BUZxW23P_JWxGqVPZ1p1KS5Rh0ufZLqHf7-93bIyKsvICQ8_aem_wZFN8DbZ_hAByHZc8DX-7Q\" data-type=\"link\" data-id=\"https:\/\/www.change.org\/p\/stop-%C3%A0-l-expulsion-de-syndicalistes-%C3%A9tudiantes-au-crous-bretagne?fbclid=PAZXh0bgNhZW0CMTEAAaYOxlWQkxY_BUZxW23P_JWxGqVPZ1p1KS5Rh0ufZLqHf7-93bIyKsvICQ8_aem_wZFN8DbZ_hAByHZc8DX-7Q\">https:\/\/www.change.org\/p\/stop-%C3%A0-l-expulsion-de-syndicalistes-%C3%A9tudiantes-au-crous-bretagne?fbclid=PAZXh0bgNhZW0CMTEAAaYOxlWQkxY_BUZxW23P_JWxGqVPZ1p1KS5Rh0ufZLqHf7-93bIyKsvICQ8_aem_wZFN8DbZ_hAByHZc8DX-7Q<\/a><\/p>\n","protected":false},"excerpt":{"rendered":"<p>Entre septembre 2023 et d\u00e9cembre 2023, nos camarades de Rennes se sont mobilis\u00e9-e-s pour Mohammed. Cet \u00e9tudiant handicap\u00e9 moteur, sourd et souffrant de plusieurs maladies auto-immunes, s\u2019est retrouv\u00e9 sans logement \u00e0 la rentr\u00e9e de septembre, \u00e0 cause de sa situation irr\u00e9guli\u00e8re. Il a \u00e9t\u00e9 hospitalis\u00e9 plusieurs fois au cours du semestre puisque, sans logement stable&#8230;<\/p>\n","protected":false},"author":1,"featured_media":0,"comment_status":"open","ping_status":"open","sticky":false,"template":"","format":"standard","meta":{"tpgb_global_settings":"","_kad_post_transparent":"","_kad_post_title":"","_kad_post_layout":"","_kad_post_sidebar_id":"","_kad_post_content_style":"","_kad_post_vertical_padding":"","_kad_post_feature":"","_kad_post_feature_position":"","_kad_post_header":false,"_kad_post_footer":false,"_kad_post_classname":"","footnotes":""},"categories":[4,6,1],"tags":[90,91,93,89],"class_list":["post-1734","post","type-post","status-publish","format-standard","hentry","category-campagnes-locales","category-com-nat","category-non-classe","tag-crous","tag-fse-rennes","tag-mohamed","tag-repression"],"tpgb_featured_images":null,"tpgb_post_meta_info":{"get_date":"5 juillet 2024","get_modified_date":"8 ao\u00fbt 2024","category_list":{"category":[{"term_id":4,"name":"Campagnes locales","slug":"campagnes-locales","term_group":0,"term_taxonomy_id":4,"taxonomy":"category","description":"","parent":0,"count":6,"filter":"raw"},{"term_id":6,"name":"Communiqu\u00e9 national","slug":"com-nat","term_group":0,"term_taxonomy_id":6,"taxonomy":"category","description":"","parent":0,"count":34,"filter":"raw"},{"term_id":1,"name":"Non class\u00e9","slug":"non-classe","term_group":0,"term_taxonomy_id":1,"taxonomy":"category","description":"","parent":0,"count":21,"filter":"raw"}],"post_tag":[{"term_id":90,"name":"CROUS","slug":"crous","term_group":0,"term_taxonomy_id":90,"taxonomy":"post_tag","description":"","parent":0,"count":1,"filter":"raw"},{"term_id":91,"name":"fse Rennes","slug":"fse-rennes","term_group":0,"term_taxonomy_id":91,"taxonomy":"post_tag","description":"","parent":0,"count":1,"filter":"raw"},{"term_id":93,"name":"Mohamed","slug":"mohamed","term_group":0,"term_taxonomy_id":93,"taxonomy":"post_tag","description":"","parent":0,"count":1,"filter":"raw"},{"term_id":89,"name":"r\u00e9pression","slug":"repression","term_group":0,"term_taxonomy_id":89,"taxonomy":"post_tag","description":"","parent":0,"count":1,"filter":"raw"}]},"author_name":"FSErpz","author_url":"https:\/\/fse-national.fr\/?author=1","author_email":"centra.fse@gmail.com","author_website":"","author_description":"","author_facebook":"","author_twitter":"","author_instagram":"","author_role":["administrator"],"author_firstname":"","author_lastname":"","user_login":"FSErpz","comment_count":0,"post_likes":0,"post_views":0},"tpgb_post_category":{"category":"<a href=\"https:\/\/fse-national.fr\/?cat=4\" alt=\"Campagnes locales\" class=\"category-campagnes-locales\">Campagnes locales<\/a> <a href=\"https:\/\/fse-national.fr\/?cat=6\" alt=\"Communiqu\u00e9 national\" class=\"category-com-nat\">Communiqu\u00e9 national<\/a> <a href=\"https:\/\/fse-national.fr\/?cat=1\" alt=\"Non class\u00e9\" class=\"category-non-classe\">Non class\u00e9<\/a> ","post_tag":"<a href=\"https:\/\/fse-national.fr\/?tag=crous\" alt=\"CROUS\" class=\"post_tag-crous\">CROUS<\/a> <a href=\"https:\/\/fse-national.fr\/?tag=fse-rennes\" alt=\"fse Rennes\" class=\"post_tag-fse-rennes\">fse Rennes<\/a> <a href=\"https:\/\/fse-national.fr\/?tag=mohamed\" alt=\"Mohamed\" class=\"post_tag-mohamed\">Mohamed<\/a> <a href=\"https:\/\/fse-national.fr\/?tag=repression\" alt=\"r\u00e9pression\" class=\"post_tag-repression\">r\u00e9pression<\/a> "},"_links":{"self":[{"href":"https:\/\/fse-national.fr\/index.php?rest_route=\/wp\/v2\/posts\/1734","targetHints":{"allow":["GET"]}}],"collection":[{"href":"https:\/\/fse-national.fr\/index.php?rest_route=\/wp\/v2\/posts"}],"about":[{"href":"https:\/\/fse-national.fr\/index.php?rest_route=\/wp\/v2\/types\/post"}],"author":[{"embeddable":true,"href":"https:\/\/fse-national.fr\/index.php?rest_route=\/wp\/v2\/users\/1"}],"replies":[{"embeddable":true,"href":"https:\/\/fse-national.fr\/index.php?rest_route=%2Fwp%2Fv2%2Fcomments&post=1734"}],"version-history":[{"count":3,"href":"https:\/\/fse-national.fr\/index.php?rest_route=\/wp\/v2\/posts\/1734\/revisions"}],"predecessor-version":[{"id":1739,"href":"https:\/\/fse-national.fr\/index.php?rest_route=\/wp\/v2\/posts\/1734\/revisions\/1739"}],"wp:attachment":[{"href":"https:\/\/fse-national.fr\/index.php?rest_route=%2Fwp%2Fv2%2Fmedia&parent=1734"}],"wp:term":[{"taxonomy":"category","embeddable":true,"href":"https:\/\/fse-national.fr\/index.php?rest_route=%2Fwp%2Fv2%2Fcategories&post=1734"},{"taxonomy":"post_tag","embeddable":true,"href":"https:\/\/fse-national.fr\/index.php?rest_route=%2Fwp%2Fv2%2Ftags&post=1734"}],"curies":[{"name":"wp","href":"https:\/\/api.w.org\/{rel}","templated":true}]}}