{"id":1601,"date":"2024-02-27T17:56:43","date_gmt":"2024-02-27T16:56:43","guid":{"rendered":"https:\/\/fse-national.fr\/?p=1601"},"modified":"2024-02-27T17:57:53","modified_gmt":"2024-02-27T16:57:53","slug":"riposte-casse-esr","status":"publish","type":"post","link":"https:\/\/fse-national.fr\/?p=1601","title":{"rendered":"Destruction de l\u2019enseignement sup\u00e9rieur : tu casses, tu r\u00e9pares !"},"content":{"rendered":"\n<p><\/p>\n\n\n\n<p>Le 22 f\u00e9vrier, Bruno Lemaire a annonc\u00e9 une coupe de 900 millions d\u2019euros dans le budget du minist\u00e8re de l\u2019Enseignement Sup\u00e9rieur et de la Recherche (ESR), dans le plan d\u2019\u00e9conomie de 10 milliards d\u2019euros sur les services publics. Avec les diff\u00e9rentes r\u00e9formes d\u2019autonomisation des universit\u00e9s, ces derni\u00e8res ont d\u00fb chercher des financements pour palier au d\u00e9sinvestissement de l\u2019\u00c9tat, \u00e9videmment sans parvenir \u00e0 l\u2019\u00e9quilibre financier. Cette nouvelle coupe, ainsi que le projet d\u2019acte 2 d\u2019autonomisation des universit\u00e9s, ne vont faire qu\u2019empirer la situation financi\u00e8re de nos facs, d\u00e9j\u00e0 noy\u00e9es par les dettes. Nous ne pouvons rester passif-ves au risque de voir l\u2019\u00e9tat de d\u00e9labrement de nos facs s\u2019aggraver encore.<\/p>\n\n\n\n<p>Ce manque de financement entra\u00eene une s\u00e9lection plus vicieuse que celle des plateformes ParcourSup et MonMaster. Les facult\u00e9s n\u2019ayant plus les moyens d\u2019assurer la formation pour tous-tes, leurs pr\u00e9sidences baissent la t\u00eate, et durcissent les modalit\u00e9s de contr\u00f4le des connaissances pour r\u00e9duire les taux de r\u00e9ussite, et ferment des fili\u00e8res. Les b\u00e2timents ne sont pas r\u00e9nov\u00e9s, certaines facs font m\u00eame le choix de couper le chauffage. D\u2019autres sont \u00e0 un stade tellement critique qu\u2019elles ne peuvent m\u00eame pas assurer la tenue des cours, comme \u00e0 Limoges, o\u00f9 1600h n\u2019auront pas lieu ce semestre faute de professeur-euses pour les assurer, et o\u00f9 les \u00e9tudiant-es sont mobilis\u00e9s massivement.<\/p>\n\n\n\n<p>La situation est tout aussi d\u00e9sastreuse au CROUS. Nous payons quotidiennement le manque de moyens attribu\u00e9s aux Crous, parfois au prix de notre sant\u00e9 mentale et physique. Logements insalubres, minuscules, infest\u00e9s de cafards ou de moisissure, ou simplement inaccessible pour les logements r\u00e9nov\u00e9s dont les prix sont augment\u00e9s. L\u2019offre de restauration est r\u00e9duite, quand ce ne sont pas les points de restauration entiers qui ferment, alors qu\u2019il en manque. La quantit\u00e9 dans les assiettes est en baisse constante. Les difficult\u00e9s administratives dues au manque de personnel, mais surtout la baisse du nombre de bourses attribu\u00e9es, tous ces probl\u00e8mes sont les cons\u00e9quences directes de l\u2019aust\u00e9rit\u00e9. \u00c0 Rennes, Strasbourg ou Lille, nous avons pu aider au cas par cas de nombreux-ses \u00e9tudiant-es, obtenir des aides d\u2019urgence ou des r\u00e9parations dans les b\u00e2timents, mais sans plan d\u2019investissement pour l\u2019avenir, la situation ne pourra que continuer d\u2019empirer.<\/p>\n\n\n\n<p>Les promesses du gouvernement de r\u00e9duire encore les moyens de l\u2019ESR et d\u2019autonomiser plus les universit\u00e9s, c&rsquo;est-\u00e0-dire de les abandonner, n\u2019am\u00e8nent qu\u2019une r\u00e9ponse possible de notre part : la contre-attaque !<\/p>\n\n\n\n<p>Si Sylvie Retailleau accepte de laisser son minist\u00e8re subir la saign\u00e9e pendant que les aides aux entreprises atteignent les 200 milliards, pendant que les revenus des grands bourgeois battent tous les records, alors nous emploierons tous les moyens n\u00e9cessaires pour arracher un budget pour l\u2019ESR \u00e0 la hauteur de nos besoins.<\/p>\n\n\n\n<p>Nous travaillons \u00e0 organiser, sur les universit\u00e9s o\u00f9 nous sommes pr\u00e9sent-es, les \u00e9tudiant-es r\u00e9volt\u00e9-es par cette situation. D\u00e8s les prochaines semaines, nous allons amplifier les mobilisations \u00e9tudiantes d\u00e9j\u00e0 en cours sur les campus et dans les r\u00e9sidences Crous.<\/p>\n\n\n\n<p>Nous appelons \u00e9galement les \u00e9tudiant-es de toutes les universit\u00e9s \u00e0 lancer des mobilisations, \u00e0 se r\u00e9unir en assembl\u00e9e g\u00e9n\u00e9rale pour pr\u00e9parer la journ\u00e9e de mobilisation du 19 mars, et, dans les mois qui viennent, un mouvement de contestation et de riposte d\u2019ampleur !<\/p>\n\n\n\n<p>Ils nous prennent 900 millions, nous les r\u00e9cup\u00e8rerons\u202f! Ils nous poussent \u00e0 la rue, nous y resterons ! Ils veulent nous sortir des facs, nous les occuperons !<\/p>\n","protected":false},"excerpt":{"rendered":"<p>Le 22 f\u00e9vrier, Bruno Lemaire a annonc\u00e9 une coupe de 900 millions d\u2019euros dans le budget du minist\u00e8re de l\u2019Enseignement Sup\u00e9rieur et de la Recherche (ESR), dans le plan d\u2019\u00e9conomie de 10 milliards d\u2019euros sur les services publics. Avec les diff\u00e9rentes r\u00e9formes d\u2019autonomisation des universit\u00e9s, ces derni\u00e8res ont d\u00fb chercher des financements pour palier au d\u00e9sinvestissement de l\u2019\u00c9tat, \u00e9videmment sans parvenir \u00e0 l\u2019\u00e9quilibre financier. Cette nouvelle coupe, ainsi que le projet d\u2019acte 2 d\u2019autonomisation des universit\u00e9s, ne vont faire qu\u2019empirer la situation financi\u00e8re de nos facs, d\u00e9j\u00e0 noy\u00e9es par les dettes. Nous ne pouvons rester passif-ves au risque de voir l\u2019\u00e9tat de d\u00e9labrement de nos facs s\u2019aggraver encore.<\/p>\n","protected":false},"author":1,"featured_media":0,"comment_status":"open","ping_status":"open","sticky":false,"template":"","format":"standard","meta":{"tpgb_global_settings":"","_kad_post_transparent":"","_kad_post_title":"","_kad_post_layout":"","_kad_post_sidebar_id":"","_kad_post_content_style":"","_kad_post_vertical_padding":"","_kad_post_feature":"","_kad_post_feature_position":"","_kad_post_header":false,"_kad_post_footer":false,"_kad_post_classname":"","footnotes":""},"categories":[35,6,10],"tags":[],"class_list":["post-1601","post","type-post","status-publish","format-standard","hentry","category-bureau-national","category-com-nat","category-questions-universitaires"],"tpgb_featured_images":null,"tpgb_post_meta_info":{"get_date":"27 f\u00e9vrier 2024","get_modified_date":"27 f\u00e9vrier 2024","category_list":{"category":[{"term_id":35,"name":"Bureau National","slug":"bureau-national","term_group":0,"term_taxonomy_id":35,"taxonomy":"category","description":"","parent":6,"count":11,"filter":"raw"},{"term_id":6,"name":"Communiqu\u00e9 national","slug":"com-nat","term_group":0,"term_taxonomy_id":6,"taxonomy":"category","description":"","parent":0,"count":34,"filter":"raw"},{"term_id":10,"name":"Questions Universitaires","slug":"questions-universitaires","term_group":0,"term_taxonomy_id":10,"taxonomy":"category","description":"","parent":0,"count":22,"filter":"raw"}],"post_tag":false},"author_name":"FSErpz","author_url":"https:\/\/fse-national.fr\/?author=1","author_email":"centra.fse@gmail.com","author_website":"","author_description":"","author_facebook":"","author_twitter":"","author_instagram":"","author_role":["administrator"],"author_firstname":"","author_lastname":"","user_login":"FSErpz","comment_count":0,"post_likes":0,"post_views":0},"tpgb_post_category":{"category":"<a href=\"https:\/\/fse-national.fr\/?cat=35\" alt=\"Bureau National\" class=\"category-bureau-national\">Bureau National<\/a> <a href=\"https:\/\/fse-national.fr\/?cat=6\" alt=\"Communiqu\u00e9 national\" class=\"category-com-nat\">Communiqu\u00e9 national<\/a> <a href=\"https:\/\/fse-national.fr\/?cat=10\" alt=\"Questions Universitaires\" class=\"category-questions-universitaires\">Questions Universitaires<\/a> "},"_links":{"self":[{"href":"https:\/\/fse-national.fr\/index.php?rest_route=\/wp\/v2\/posts\/1601","targetHints":{"allow":["GET"]}}],"collection":[{"href":"https:\/\/fse-national.fr\/index.php?rest_route=\/wp\/v2\/posts"}],"about":[{"href":"https:\/\/fse-national.fr\/index.php?rest_route=\/wp\/v2\/types\/post"}],"author":[{"embeddable":true,"href":"https:\/\/fse-national.fr\/index.php?rest_route=\/wp\/v2\/users\/1"}],"replies":[{"embeddable":true,"href":"https:\/\/fse-national.fr\/index.php?rest_route=%2Fwp%2Fv2%2Fcomments&post=1601"}],"version-history":[{"count":2,"href":"https:\/\/fse-national.fr\/index.php?rest_route=\/wp\/v2\/posts\/1601\/revisions"}],"predecessor-version":[{"id":1603,"href":"https:\/\/fse-national.fr\/index.php?rest_route=\/wp\/v2\/posts\/1601\/revisions\/1603"}],"wp:attachment":[{"href":"https:\/\/fse-national.fr\/index.php?rest_route=%2Fwp%2Fv2%2Fmedia&parent=1601"}],"wp:term":[{"taxonomy":"category","embeddable":true,"href":"https:\/\/fse-national.fr\/index.php?rest_route=%2Fwp%2Fv2%2Fcategories&post=1601"},{"taxonomy":"post_tag","embeddable":true,"href":"https:\/\/fse-national.fr\/index.php?rest_route=%2Fwp%2Fv2%2Ftags&post=1601"}],"curies":[{"name":"wp","href":"https:\/\/api.w.org\/{rel}","templated":true}]}}