{"id":1485,"date":"2023-10-18T14:07:00","date_gmt":"2023-10-18T12:07:00","guid":{"rendered":"https:\/\/fse-national.fr\/?p=1485"},"modified":"2024-01-17T14:38:44","modified_gmt":"2024-01-17T13:38:44","slug":"soutenir-la-cause-palestinienne-nest-pas-un-crime-stop-a-la-chasse-aux-sorcieres-dans-les-universites","status":"publish","type":"post","link":"https:\/\/fse-national.fr\/?p=1485","title":{"rendered":"Soutenir la cause palestinienne n&rsquo;est pas un crime : stop \u00e0 la chasse aux sorci\u00e8res dans les universit\u00e9s !"},"content":{"rendered":"\n<blockquote class=\"wp-block-quote is-layout-flow wp-block-quote-is-layout-flow\">\n<p><\/p>\n<cite>Communiqu\u00e9 sign\u00e9 par la FSE, la CN-SELA, Le Poing Lev\u00e9, Solidaires Etudiant, Action Antifasciste Paris Banlieue<\/cite><\/blockquote>\n\n\n\n<h2 class=\"wp-block-heading\">Communiqu\u00e9<\/h2>\n\n\n\n<p>Alors que l\u2019Etat d\u2019Isra\u00ebl m\u00e8ne une offensive particuli\u00e8rement meurtri\u00e8re dans la bande de Gaza, le gouvernement, la droite et l\u2019extr\u00eame-droite ont lanc\u00e9 une v\u00e9ritable chasse aux sorci\u00e8res dans les universit\u00e9s contre tous\u22c5tes celles et ceux qui osent exprimer leur soutien aux Palestinien\u22c5nes face \u00e0 cette violente r\u00e9pression.<\/p>\n\n\n\n<p>Ce lundi, l\u2019UNI a ainsi publi\u00e9 un communiqu\u00e9 abject d\u00e9non\u00e7ant \u00ab l\u2019islamo-gauchisme \u00bb qui \u00ab gangr\u00e8ne l\u2019Enseignement sup\u00e9rieur \u00bb. Attaquant ouvertement la FSE, l\u2019Union Pirate, Le Poing Lev\u00e9, le NPA, Solidaires \u00c9tudiant\u22c5e\u22c5s et Louis Boyard, l\u2019organisation \u00e9tudiante d\u2019extr\u00eame-droite exige des actions de la part du gouvernement \u00ab pour lutter contre l\u2019apologie du terrorisme et l\u2019islamo-gauchisme \u00bb. De son c\u00f4t\u00e9, l\u2019Union des \u00c9tudiants Juifs de France a demand\u00e9 aux universit\u00e9s de r\u00e9primer les organisations qui expriment leur soutien aux Palestinien\u22c5nes \u00ab sous forme de tags, de messages \u00e9crits, sur les groupes de promotion ou verbaux sur les campus. \u00bb<\/p>\n\n\n\n<p>Dans la droite lign\u00e9e de ces amalgames honteux qui criminalisent tout soutien \u00e0 la cause palestinienne, la ministre de l\u2019Enseignement Sup\u00e9rieur et de la Recherche Sylvie Retailleau a appel\u00e9 les directions d\u2019universit\u00e9 \u00e0 \u00ab prendre toutes les mesures n\u00e9cessaires afin de veiller au respect de la loi et des principes r\u00e9publicains \u00bb, y compris sur le terrain judiciaire.<\/p>\n\n\n\n<p>En allant jusqu\u2019\u00e0 encourager les pr\u00e9sidences \u00e0 d\u00e9noncer \u00ab tout manquement \u00bb au Procureur de la R\u00e9publique, c\u2019est la politique de la censure qui prime pour faire taire tout soutien au peuple palestinien face \u00e0 la r\u00e9pression. En t\u00e9moigne, le signalement par le directeur de l\u2019EHESS du communiqu\u00e9 de Solidaires \u00c9tudiant\u22c5e\u22c5s, \u00ab en attendant de voir les suites judiciaires \u00e0 donner \u00bb.<\/p>\n\n\n\n<p>Nous d\u00e9non\u00e7ons cette nouvelle offensive autoritaire de la part du gouvernement relay\u00e9e par la droite et l\u2019extr\u00eame droite, celle-ci s&rsquo;inscrit dans la continuit\u00e9 des attaques contre les enseignements \u00ab\u00a0wokistes\u00a0\u00bb et \u00ab\u00a0islamo-gauchistes\u00a0\u00bb de Fr\u00e9d\u00e9rique Vidal. Nous r\u00e9affirmons avec la plus grande fermet\u00e9 le droit des organisations de l\u2019enseignement sup\u00e9rieur \u00e0 user de leur libert\u00e9 d\u2019expression. Nous rappelons que la d\u00e9fense de la cause palestinienne et le soutien face \u00e0 la r\u00e9pression de l\u2019Etat d\u2019Isra\u00ebl ne sont pas un crime et s\u2019inscrivent dans une longue tradition de lutte pour le droit \u00e0 l\u2019auto-d\u00e9termination des peuples colonis\u00e9s.<\/p>\n","protected":false},"excerpt":{"rendered":"<p>Communiqu\u00e9 sign\u00e9 par la FSE, la CN-SELA, Le Poing Lev\u00e9, Solidaires Etudiant, Action Antifasciste Paris Banlieue Communiqu\u00e9 Alors que l\u2019Etat d\u2019Isra\u00ebl m\u00e8ne une offensive particuli\u00e8rement meurtri\u00e8re dans la bande de Gaza, le gouvernement, la droite et l\u2019extr\u00eame-droite ont lanc\u00e9 une v\u00e9ritable chasse aux sorci\u00e8res dans les universit\u00e9s contre tous\u22c5tes celles et ceux qui osent exprimer&#8230;<\/p>\n","protected":false},"author":1,"featured_media":1486,"comment_status":"open","ping_status":"open","sticky":false,"template":"","format":"standard","meta":{"tpgb_global_settings":"","_kad_post_transparent":"","_kad_post_title":"","_kad_post_layout":"","_kad_post_sidebar_id":"","_kad_post_content_style":"","_kad_post_vertical_padding":"","_kad_post_feature":"","_kad_post_feature_position":"","_kad_post_header":false,"_kad_post_footer":false,"_kad_post_classname":"","footnotes":""},"categories":[6,32],"tags":[24,25,62,42,70],"class_list":["post-1485","post","type-post","status-publish","format-standard","has-post-thumbnail","hentry","category-com-nat","category-interorga","tag-extreme-droite","tag-macron","tag-palestine","tag-retailleau","tag-uni"],"tpgb_featured_images":{"full":["https:\/\/fse-national.fr\/wp-content\/uploads\/2024\/01\/1.png",1080,1350,false],"tp-image-grid":["https:\/\/fse-national.fr\/wp-content\/uploads\/2024\/01\/1.png",560,700,false],"thumbnail":["https:\/\/fse-national.fr\/wp-content\/uploads\/2024\/01\/1-150x150.png",150,150,true],"medium":["https:\/\/fse-national.fr\/wp-content\/uploads\/2024\/01\/1-240x300.png",240,300,true],"medium_large":["https:\/\/fse-national.fr\/wp-content\/uploads\/2024\/01\/1-768x960.png",768,960,true],"large":["https:\/\/fse-national.fr\/wp-content\/uploads\/2024\/01\/1-819x1024.png",819,1024,true],"default":"https:\/\/fse-national.fr\/wp-content\/plugins\/the-plus-addons-for-block-editor\/assets\/images\/tpgb-placeholder.jpg"},"tpgb_post_meta_info":{"get_date":"18 octobre 2023","get_modified_date":"17 janvier 2024","category_list":{"category":[{"term_id":6,"name":"Communiqu\u00e9 national","slug":"com-nat","term_group":0,"term_taxonomy_id":6,"taxonomy":"category","description":"","parent":0,"count":34,"filter":"raw"},{"term_id":32,"name":"Interorga","slug":"interorga","term_group":0,"term_taxonomy_id":32,"taxonomy":"category","description":"","parent":6,"count":2,"filter":"raw"}],"post_tag":[{"term_id":24,"name":"extr\u00eame droite","slug":"extreme-droite","term_group":0,"term_taxonomy_id":24,"taxonomy":"post_tag","description":"","parent":0,"count":7,"filter":"raw"},{"term_id":25,"name":"Macron","slug":"macron","term_group":0,"term_taxonomy_id":25,"taxonomy":"post_tag","description":"","parent":0,"count":11,"filter":"raw"},{"term_id":62,"name":"palestine","slug":"palestine","term_group":0,"term_taxonomy_id":62,"taxonomy":"post_tag","description":"","parent":0,"count":4,"filter":"raw"},{"term_id":42,"name":"retailleau","slug":"retailleau","term_group":0,"term_taxonomy_id":42,"taxonomy":"post_tag","description":"","parent":0,"count":2,"filter":"raw"},{"term_id":70,"name":"uni","slug":"uni","term_group":0,"term_taxonomy_id":70,"taxonomy":"post_tag","description":"","parent":0,"count":1,"filter":"raw"}]},"author_name":"FSErpz","author_url":"https:\/\/fse-national.fr\/?author=1","author_email":"centra.fse@gmail.com","author_website":"","author_description":"","author_facebook":"","author_twitter":"","author_instagram":"","author_role":["administrator"],"author_firstname":"","author_lastname":"","user_login":"FSErpz","comment_count":1,"post_likes":0,"post_views":0},"tpgb_post_category":{"category":"<a href=\"https:\/\/fse-national.fr\/?cat=6\" alt=\"Communiqu\u00e9 national\" class=\"category-com-nat\">Communiqu\u00e9 national<\/a> <a href=\"https:\/\/fse-national.fr\/?cat=32\" alt=\"Interorga\" class=\"category-interorga\">Interorga<\/a> ","post_tag":"<a href=\"https:\/\/fse-national.fr\/?tag=extreme-droite\" alt=\"extr\u00eame droite\" class=\"post_tag-extreme-droite\">extr\u00eame droite<\/a> <a href=\"https:\/\/fse-national.fr\/?tag=macron\" alt=\"Macron\" class=\"post_tag-macron\">Macron<\/a> <a href=\"https:\/\/fse-national.fr\/?tag=palestine\" alt=\"palestine\" class=\"post_tag-palestine\">palestine<\/a> <a href=\"https:\/\/fse-national.fr\/?tag=retailleau\" alt=\"retailleau\" class=\"post_tag-retailleau\">retailleau<\/a> <a href=\"https:\/\/fse-national.fr\/?tag=uni\" alt=\"uni\" class=\"post_tag-uni\">uni<\/a> "},"_links":{"self":[{"href":"https:\/\/fse-national.fr\/index.php?rest_route=\/wp\/v2\/posts\/1485","targetHints":{"allow":["GET"]}}],"collection":[{"href":"https:\/\/fse-national.fr\/index.php?rest_route=\/wp\/v2\/posts"}],"about":[{"href":"https:\/\/fse-national.fr\/index.php?rest_route=\/wp\/v2\/types\/post"}],"author":[{"embeddable":true,"href":"https:\/\/fse-national.fr\/index.php?rest_route=\/wp\/v2\/users\/1"}],"replies":[{"embeddable":true,"href":"https:\/\/fse-national.fr\/index.php?rest_route=%2Fwp%2Fv2%2Fcomments&post=1485"}],"version-history":[{"count":1,"href":"https:\/\/fse-national.fr\/index.php?rest_route=\/wp\/v2\/posts\/1485\/revisions"}],"predecessor-version":[{"id":1487,"href":"https:\/\/fse-national.fr\/index.php?rest_route=\/wp\/v2\/posts\/1485\/revisions\/1487"}],"wp:featuredmedia":[{"embeddable":true,"href":"https:\/\/fse-national.fr\/index.php?rest_route=\/wp\/v2\/media\/1486"}],"wp:attachment":[{"href":"https:\/\/fse-national.fr\/index.php?rest_route=%2Fwp%2Fv2%2Fmedia&parent=1485"}],"wp:term":[{"taxonomy":"category","embeddable":true,"href":"https:\/\/fse-national.fr\/index.php?rest_route=%2Fwp%2Fv2%2Fcategories&post=1485"},{"taxonomy":"post_tag","embeddable":true,"href":"https:\/\/fse-national.fr\/index.php?rest_route=%2Fwp%2Fv2%2Ftags&post=1485"}],"curies":[{"name":"wp","href":"https:\/\/api.w.org\/{rel}","templated":true}]}}