{"id":1416,"date":"2022-04-08T17:21:00","date_gmt":"2022-04-08T15:21:00","guid":{"rendered":"https:\/\/fse-national.fr\/?p=1416"},"modified":"2024-01-17T12:49:23","modified_gmt":"2024-01-17T11:49:23","slug":"lheure-est-a-la-mobilisation-le-10-avril-on-se-syndique","status":"publish","type":"post","link":"https:\/\/fse-national.fr\/?p=1416","title":{"rendered":"L&rsquo;heure est \u00e0 la mobilisation ! Le 10 avril, on se syndique !"},"content":{"rendered":"\n<p>La menace de la pr\u00e9sence de l\u2019extr\u00eame-droite au second tour de l\u2019\u00e9lection pr\u00e9sidentielle, face \u00e0 un pr\u00e9sident sortant s\u2019illustrant dans ses politiques r\u00e9actionnaires et r\u00e9pressives, est \u00e0 comprendre dans la crise du capitalisme fran\u00e7ais : crise sociale interne et crise de son influence coloniale\/imp\u00e9rialiste. La France se maintient difficilement dans le jeu barbare de la concurrence internationale face aux autres puissances. La bourgeoisie lib\u00e9rale, dont Emmanuel Macron est le meilleur repr\u00e9sentant, n\u2019h\u00e9site plus \u00e0 s\u2019appuyer sur une frange politique ultra-r\u00e9actionnaire pour s\u2019assurer la rentr\u00e9e de profits. La menace fasciste est s\u00e9rieuse et ne dispara\u00eetra pas au lendemain du second tour, m\u00eame avec son \u00e9viction du gouvernement. <strong>Les pr\u00e9occupations d\u2019une grande partie de la population doivent d\u00e9boucher sur une r\u00e9ponse de masse, seule garantie de mettre r\u00e9ellement en minorit\u00e9 les partisans du fascisme, en s\u2019attaquant au probl\u00e8me de fond : l\u2019exploitation capitaliste qui nous broie.<\/strong><\/p>\n\n\n\n<p>Nous refusons de subir la politique : elle doit \u00eatre celle que l\u2019on impose dans nos luttes quotidiennes, pour la survie et le mieux vivre, pour se former et travailler dignement, pour profiter de nos proches, de l\u2019art, de la culture, de temps libre, etc. <strong>Nous sommes convaincu-e-s qu\u2019un avenir meilleur ne peut se faire sans une r\u00e9appropriation massive de l\u2019outil syndical et de la rue par les travailleurs-ses et futurs travailleurs-ses.<\/strong><\/p>\n\n\n\n<p>Aujourd&rsquo;hui, nombreux-ses sont les fran\u00e7ais-e-s qui se d\u00e9tournent des urnes, dont une grande partie de la jeunesse populaire. Il faut pouvoir en comprendre les causes, notamment dans l\u2019expression d\u2019une contestation ou r\u00e9signation face \u00e0 l\u2019outil du vote et la voie institutionnelle. Nous ne devons pas laisser le syst\u00e8me \u00e9lectoral, construit par et pour la bourgeoisie, nous d\u00e9poss\u00e9der de notre pouvoir d\u2019agir lorsqu\u2019il sert \u00e0 canaliser les oppositions. Les dynamiques et oppositions \u00e9lectorales ne sont qu\u2019\u00e9ph\u00e9m\u00e8res, la conscientisation qui d\u00e9coule de la lutte collective, reste. Nous devons ainsi parvenir \u00e0 nous extraire de ces logiques en construisant un front d\u2019opposition aux politiques de d\u00e9mant\u00e8lement de nos acquis sociaux, nous permettant de nouvelles victoires \u00e0 l\u2019avenir. Les travailleurs et les travailleuses en formation sont seuls juges de leurs int\u00e9r\u00eats et doivent retrouver leur capacit\u00e9 d\u2019agir et de r\u00e9agir.<\/p>\n\n\n\n<p>Notre optimisme, nous le trouvons dans les manifestations accrues de la lutte des classes, toujours plus vive ces derni\u00e8res ann\u00e9es : dans la multiplication des gr\u00e8ves, la r\u00e9volte des Gilets jaunes, o\u00f9 encore la force des peuples luttant pour leur lib\u00e9ration, en Kanaky <em>(Nouvelle-Cal\u00e9donie)<\/em>, dans les Antilles, ou en Corse. <strong>Nous aspirons, \u00e0 notre \u00e9chelle,<\/strong> <strong>\u00e0 faire \u00e9merger l\u2019expression contestataire des \u00e9tudiant-e-s, broy\u00e9-e-s par la s\u00e9lection et la pr\u00e9carit\u00e9.<\/strong><\/p>\n\n\n\n<p>Nous appelons ici chaque travailleuse et travailleur, chaque \u00e9tudiant et \u00e9tudiante, \u00e0 se syndiquer et s\u2019organiser pour poser les bases de la r\u00e9sistance sociale du prochain quinquennat. Au lendemain des 150 ans de la grande Commune insurrectionnelle de Paris, rappelons que c\u2019est dans nos luttes, nos gr\u00e8ves, nos r\u00e9voltes et r\u00e9volutions que nous avons su et sauront faire gagner notre camp ; que nous refusons d\u2019\u00eatre \u00e0 jamais des proies. <strong>Le 10 avril, on se syndique !<\/strong><\/p>\n","protected":false},"excerpt":{"rendered":"<p>La menace de la pr\u00e9sence de l\u2019extr\u00eame-droite au second tour de l\u2019\u00e9lection pr\u00e9sidentielle, face \u00e0 un pr\u00e9sident sortant s\u2019illustrant dans ses politiques r\u00e9actionnaires et r\u00e9pressives, est \u00e0 comprendre dans la crise du capitalisme fran\u00e7ais : crise sociale interne et crise de son influence coloniale\/imp\u00e9rialiste. La France se maintient difficilement dans le jeu barbare de la&#8230;<\/p>\n","protected":false},"author":1,"featured_media":1418,"comment_status":"open","ping_status":"open","sticky":false,"template":"","format":"standard","meta":{"tpgb_global_settings":"","_kad_post_transparent":"","_kad_post_title":"","_kad_post_layout":"","_kad_post_sidebar_id":"","_kad_post_content_style":"","_kad_post_vertical_padding":"","_kad_post_feature":"","_kad_post_feature_position":"","_kad_post_header":false,"_kad_post_footer":false,"_kad_post_classname":"","footnotes":""},"categories":[35,6],"tags":[24,25],"class_list":["post-1416","post","type-post","status-publish","format-standard","has-post-thumbnail","hentry","category-bureau-national","category-com-nat","tag-extreme-droite","tag-macron"],"tpgb_featured_images":{"full":["https:\/\/fse-national.fr\/wp-content\/uploads\/2024\/01\/CONTRE-LEXTREME-DROITE-ET-SES-IDEES-1600-x-900-px-1.png",1600,900,false],"tp-image-grid":["https:\/\/fse-national.fr\/wp-content\/uploads\/2024\/01\/CONTRE-LEXTREME-DROITE-ET-SES-IDEES-1600-x-900-px-1.png",700,394,false],"thumbnail":["https:\/\/fse-national.fr\/wp-content\/uploads\/2024\/01\/CONTRE-LEXTREME-DROITE-ET-SES-IDEES-1600-x-900-px-1-150x150.png",150,150,true],"medium":["https:\/\/fse-national.fr\/wp-content\/uploads\/2024\/01\/CONTRE-LEXTREME-DROITE-ET-SES-IDEES-1600-x-900-px-1-300x169.png",300,169,true],"medium_large":["https:\/\/fse-national.fr\/wp-content\/uploads\/2024\/01\/CONTRE-LEXTREME-DROITE-ET-SES-IDEES-1600-x-900-px-1-768x432.png",768,432,true],"large":["https:\/\/fse-national.fr\/wp-content\/uploads\/2024\/01\/CONTRE-LEXTREME-DROITE-ET-SES-IDEES-1600-x-900-px-1-1024x576.png",1024,576,true],"default":"https:\/\/fse-national.fr\/wp-content\/plugins\/the-plus-addons-for-block-editor\/assets\/images\/tpgb-placeholder.jpg"},"tpgb_post_meta_info":{"get_date":"8 avril 2022","get_modified_date":"17 janvier 2024","category_list":{"category":[{"term_id":35,"name":"Bureau National","slug":"bureau-national","term_group":0,"term_taxonomy_id":35,"taxonomy":"category","description":"","parent":6,"count":11,"filter":"raw"},{"term_id":6,"name":"Communiqu\u00e9 national","slug":"com-nat","term_group":0,"term_taxonomy_id":6,"taxonomy":"category","description":"","parent":0,"count":34,"filter":"raw"}],"post_tag":[{"term_id":24,"name":"extr\u00eame droite","slug":"extreme-droite","term_group":0,"term_taxonomy_id":24,"taxonomy":"post_tag","description":"","parent":0,"count":7,"filter":"raw"},{"term_id":25,"name":"Macron","slug":"macron","term_group":0,"term_taxonomy_id":25,"taxonomy":"post_tag","description":"","parent":0,"count":11,"filter":"raw"}]},"author_name":"FSErpz","author_url":"https:\/\/fse-national.fr\/?author=1","author_email":"centra.fse@gmail.com","author_website":"","author_description":"","author_facebook":"","author_twitter":"","author_instagram":"","author_role":["administrator"],"author_firstname":"","author_lastname":"","user_login":"FSErpz","comment_count":0,"post_likes":0,"post_views":0},"tpgb_post_category":{"category":"<a href=\"https:\/\/fse-national.fr\/?cat=35\" alt=\"Bureau National\" class=\"category-bureau-national\">Bureau National<\/a> <a href=\"https:\/\/fse-national.fr\/?cat=6\" alt=\"Communiqu\u00e9 national\" class=\"category-com-nat\">Communiqu\u00e9 national<\/a> ","post_tag":"<a href=\"https:\/\/fse-national.fr\/?tag=extreme-droite\" alt=\"extr\u00eame droite\" class=\"post_tag-extreme-droite\">extr\u00eame droite<\/a> <a href=\"https:\/\/fse-national.fr\/?tag=macron\" alt=\"Macron\" class=\"post_tag-macron\">Macron<\/a> "},"_links":{"self":[{"href":"https:\/\/fse-national.fr\/index.php?rest_route=\/wp\/v2\/posts\/1416","targetHints":{"allow":["GET"]}}],"collection":[{"href":"https:\/\/fse-national.fr\/index.php?rest_route=\/wp\/v2\/posts"}],"about":[{"href":"https:\/\/fse-national.fr\/index.php?rest_route=\/wp\/v2\/types\/post"}],"author":[{"embeddable":true,"href":"https:\/\/fse-national.fr\/index.php?rest_route=\/wp\/v2\/users\/1"}],"replies":[{"embeddable":true,"href":"https:\/\/fse-national.fr\/index.php?rest_route=%2Fwp%2Fv2%2Fcomments&post=1416"}],"version-history":[{"count":1,"href":"https:\/\/fse-national.fr\/index.php?rest_route=\/wp\/v2\/posts\/1416\/revisions"}],"predecessor-version":[{"id":1419,"href":"https:\/\/fse-national.fr\/index.php?rest_route=\/wp\/v2\/posts\/1416\/revisions\/1419"}],"wp:featuredmedia":[{"embeddable":true,"href":"https:\/\/fse-national.fr\/index.php?rest_route=\/wp\/v2\/media\/1418"}],"wp:attachment":[{"href":"https:\/\/fse-national.fr\/index.php?rest_route=%2Fwp%2Fv2%2Fmedia&parent=1416"}],"wp:term":[{"taxonomy":"category","embeddable":true,"href":"https:\/\/fse-national.fr\/index.php?rest_route=%2Fwp%2Fv2%2Fcategories&post=1416"},{"taxonomy":"post_tag","embeddable":true,"href":"https:\/\/fse-national.fr\/index.php?rest_route=%2Fwp%2Fv2%2Ftags&post=1416"}],"curies":[{"name":"wp","href":"https:\/\/api.w.org\/{rel}","templated":true}]}}